{"id":54249,"date":"2019-08-01T20:33:24","date_gmt":"2019-08-02T01:33:24","guid":{"rendered":"http:\/\/elinformanteperu.com\/?p=54249"},"modified":"2019-08-01T20:33:24","modified_gmt":"2019-08-02T01:33:24","slug":"perujazz-estrena-su-pelicula-en-el-23-festival-de-cine-de-lima","status":"publish","type":"post","link":"https:\/\/elinformanteperu.com\/index.php\/2019\/08\/01\/perujazz-estrena-su-pelicula-en-el-23-festival-de-cine-de-lima\/","title":{"rendered":"Perujazz estrena su pel\u00edcula en el 23 Festival de Cine de Lima"},"content":{"rendered":"<p><strong><span style=\"color: #000000;\">La emblem\u00e1tica agrupaci\u00f3n Perujazz, la primera en fusionar el jazz con ritmos peruanos, celebra otro acontecimiento en su trayectoria: el estreno de \u201cPerujazz M\u00e1gico\u201d, la pel\u00edcula.<\/span><\/strong><\/p>\n<p><span style=\"color: #000000;\"><strong>Lima, 01 Agosto 2019, (ANDINA).-<\/strong> La emblem\u00e1tica agrupaci\u00f3n Perujazz, la primera en fusionar el jazz con ritmos peruanos, celebra otro acontecimiento en su trayectoria: el estreno de \u201cPerujazz M\u00e1gico\u201d, la pel\u00edcula, en el marco de la edici\u00f3n 23 del Festival de Cine de Lima, uno de los eventos cinematogr\u00e1ficos de mayor prestigio de la regi\u00f3n.<\/span><\/p>\n<p><span style=\"color: #000000;\">El largometraje de 59 minutos, que se presentar\u00e1 en la nueva secci\u00f3n De M\u00fasica Ligera, es una met\u00e1fora visual-sonora del proceso creativo de Perujazz, en la que \u201cM\u00e1gico\u201d hace alusi\u00f3n al t\u00edtulo de su m\u00e1s reciente CD grabado junto a Alex Acu\u00f1a y Abraham Laboriel en Los \u00c1ngeles, EE. UU..<\/span><\/p>\n<p><span style=\"color: #000000;\">La cinta expresa, a trav\u00e9s del paisaje peruano, los diferentes aspectos de la b\u00fasqueda de las ra\u00edces ancestrales que sus m\u00fasicos han encontrado como fuente de inspiraci\u00f3n para lograr el sonido \u00fanico que los caracteriza, despu\u00e9s de m\u00e1s de 35 a\u00f1os de constante experimentaci\u00f3n.<\/span><\/p>\n<p><span style=\"color: #000000;\">Es tambi\u00e9n un sentido homenaje a uno de los m\u00e1s grandes genios del Per\u00fa, don Julio \u2018Chocolate\u2019 Algendones y la influencia de su profunda exploraci\u00f3n musical en el resto del grupo. El filme habla del sonido ancestral del Per\u00fa profundo, as\u00ed como el sonido presente y del futuro que Perujazz representa para el mundo.<\/span><\/p>\n<p><span style=\"color: #000000;\">As\u00ed, Andr\u00e9s Prado, el guitarrista, est\u00e1 representado por im\u00e1genes y sonidos de la selva peruana. Jean Pierre Magnet, en los saxofones, se identifica con el mundo andino y su colorido. Julio Zavala, en el bajo, con las urbes sonoras; C\u00e9sar Ballumbrosio, en la percusi\u00f3n, trae consigo la herencia afroandina de la regi\u00f3n rural de El Carmen. Finalmente, Manongo Mujica, en la bater\u00eda, representa su b\u00fasqueda sonora a trav\u00e9s del desierto de Paracas.<\/span><\/p>\n<p><span style=\"color: #000000;\">Su director, Crimson Sinclair, agrega sobre el lenguaje utilizado en la pel\u00edcula: \u201c\u2026los protagonistas son expresiones de un mismo cosmos, ambos pueden verse como el sonido del paisaje o el paisaje del sonido\u2026 la pel\u00edcula sigue un c\u00f3digo: el lenguaje universal con el que se comunican las historias antiguas\u201d.<\/span><\/p>\n<p><span style=\"color: #000000;\">Precedido de la tradicional alfombra roja, el debut del filme \u201cPerujazz M\u00e1gico\u201d ser\u00e1 el s\u00e1bado 10 de agosto, a las 3 p.m., en la Sala Azul del Centro Cultural de la PUPC y ser\u00e1n los integrantes de la banda los encargados de presentarlo.<\/span><\/p>\n<p><span style=\"color: #000000;\">Adicionalmente, \u201cPerujazz M\u00e1gico\u201d, celuloide obligado para los seguidores de la banda y para verdaderos mel\u00f3manos y conocedores de la m\u00fasica peruana, se proyectar\u00e1 en Cineplanet Alc\u00e1zar (\u00d3valo Guti\u00e9rrez) el martes 13 de agosto, a las 10:15 p.m. (Sala 4); y el s\u00e1bado 17 de agosto, a las 7:30 p.m. (Sala 7).<\/span><\/p>\n<p><iframe title=\"PERUJAZZ M\u00c1GICO. LA PEL\u00cdCULA - Tr\u00e1iler Oficial #2 (2019)\" width=\"615\" height=\"346\" src=\"https:\/\/www.youtube.com\/embed\/YZ2j1sp6i0c?feature=oembed\" frameborder=\"0\" allow=\"accelerometer; autoplay; clipboard-write; encrypted-media; gyroscope; picture-in-picture; web-share\" referrerpolicy=\"strict-origin-when-cross-origin\" allowfullscreen><\/iframe><\/p>\n","protected":false},"excerpt":{"rendered":"<p>La emblem\u00e1tica agrupaci\u00f3n Perujazz, la primera en fusionar el jazz con ritmos peruanos, celebra otro acontecimiento en su trayectoria: el estreno de \u201cPerujazz M\u00e1gico\u201d, la pel\u00edcula. Lima, 01 Agosto 2019, (ANDINA).- La emblem\u00e1tica agrupaci\u00f3n Perujazz, la primera en fusionar el jazz con ritmos peruanos, celebra otro acontecimiento en su trayectoria: el estreno de \u201cPerujazz M\u00e1gico\u201d, [&hellip;]<\/p>\n","protected":false},"author":1,"featured_media":54250,"comment_status":"open","ping_status":"open","sticky":false,"template":"","format":"standard","meta":{"rop_custom_images_group":[],"rop_custom_messages_group":[],"rop_publish_now":"initial","rop_publish_now_accounts":[],"rop_publish_now_history":[],"rop_publish_now_status":"pending","footnotes":""},"categories":[7],"tags":[4702,1626,4701],"class_list":["post-54249","post","type-post","status-publish","format-standard","has-post-thumbnail","hentry","category-butaca","tag-perujazz-magico-la-pelicula","tag-cine-peruano","tag-festival-de-cine-de-lima-2019"],"_links":{"self":[{"href":"https:\/\/elinformanteperu.com\/index.php\/wp-json\/wp\/v2\/posts\/54249","targetHints":{"allow":["GET"]}}],"collection":[{"href":"https:\/\/elinformanteperu.com\/index.php\/wp-json\/wp\/v2\/posts"}],"about":[{"href":"https:\/\/elinformanteperu.com\/index.php\/wp-json\/wp\/v2\/types\/post"}],"author":[{"embeddable":true,"href":"https:\/\/elinformanteperu.com\/index.php\/wp-json\/wp\/v2\/users\/1"}],"replies":[{"embeddable":true,"href":"https:\/\/elinformanteperu.com\/index.php\/wp-json\/wp\/v2\/comments?post=54249"}],"version-history":[{"count":1,"href":"https:\/\/elinformanteperu.com\/index.php\/wp-json\/wp\/v2\/posts\/54249\/revisions"}],"predecessor-version":[{"id":54251,"href":"https:\/\/elinformanteperu.com\/index.php\/wp-json\/wp\/v2\/posts\/54249\/revisions\/54251"}],"wp:featuredmedia":[{"embeddable":true,"href":"https:\/\/elinformanteperu.com\/index.php\/wp-json\/wp\/v2\/media\/54250"}],"wp:attachment":[{"href":"https:\/\/elinformanteperu.com\/index.php\/wp-json\/wp\/v2\/media?parent=54249"}],"wp:term":[{"taxonomy":"category","embeddable":true,"href":"https:\/\/elinformanteperu.com\/index.php\/wp-json\/wp\/v2\/categories?post=54249"},{"taxonomy":"post_tag","embeddable":true,"href":"https:\/\/elinformanteperu.com\/index.php\/wp-json\/wp\/v2\/tags?post=54249"}],"curies":[{"name":"wp","href":"https:\/\/api.w.org\/{rel}","templated":true}]}}