{"id":54246,"date":"2019-08-01T19:58:19","date_gmt":"2019-08-02T00:58:19","guid":{"rendered":"http:\/\/elinformanteperu.com\/?p=54246"},"modified":"2019-08-01T19:58:19","modified_gmt":"2019-08-02T00:58:19","slug":"filme-el-viaje-de-javier-heraud-en-el-23-festival-de-cine-de-lima","status":"publish","type":"post","link":"https:\/\/elinformanteperu.com\/index.php\/2019\/08\/01\/filme-el-viaje-de-javier-heraud-en-el-23-festival-de-cine-de-lima\/","title":{"rendered":"Filme \u00abEl viaje de Javier Heraud\u00bb en el 23 Festival de Cine de Lima"},"content":{"rendered":"<p><strong><span style=\"color: #000000;\">\u00abEl viaje de Javier Heraud\u00bb, ser\u00e1 la cinta que inaugure el 23 Festival de Cine de Lima. Luego de ello, el jueves 22 de agosto, el filme se estrenar\u00e1 en salas comerciales del pa\u00eds.<\/span><\/strong><\/p>\n<p><span style=\"color: #000000;\"><strong>Lima, 01 Agosto 2019, (ANDINA).-<\/strong> \u00abEl viaje de Javier Heraud\u00bb, cinta que narra el lado desconocido de este poeta peruano universal, fue seleccionada como obra inaugural del 23 Festival de Cine de Lima. Luego de ello, el jueves 22 de agosto, el filme se estrenar\u00e1 en salas comerciales del pa\u00eds.<\/span><\/p>\n<p><span style=\"color: #000000;\">\u201cMi necesidad por contar la historia de Javier viene de muy atr\u00e1s. Heraud fue alguien muy presente en mi infancia, era como ese familiar ausente que todos deseamos que un d\u00eda regrese. Su imagen y su poes\u00eda estuvieron siempre en nuestra cotidianidad familiar\u201d, sostiene Javier Corcuera cuando relata qu\u00e9 lo motiv\u00f3 a realizar El viaje de Javier Heraud.<\/span><\/p>\n<p><img fetchpriority=\"high\" decoding=\"async\" class=\"aligncenter  wp-image-54247\" src=\"http:\/\/elinformanteperu.com\/wp-content\/uploads\/2019\/08\/el-viaje-de-javier-heraud-afiche.jpg\" alt=\"\" width=\"298\" height=\"368\" srcset=\"https:\/\/elinformanteperu.com\/wp-content\/uploads\/2019\/08\/el-viaje-de-javier-heraud-afiche.jpg 371w, https:\/\/elinformanteperu.com\/wp-content\/uploads\/2019\/08\/el-viaje-de-javier-heraud-afiche-243x300.jpg 243w, https:\/\/elinformanteperu.com\/wp-content\/uploads\/2019\/08\/el-viaje-de-javier-heraud-afiche-104x128.jpg 104w, https:\/\/elinformanteperu.com\/wp-content\/uploads\/2019\/08\/el-viaje-de-javier-heraud-afiche-26x32.jpg 26w\" sizes=\"(max-width: 298px) 100vw, 298px\" \/><span style=\"color: #000000;\">Luego de la celebrada y multipremiada \u00abSigo siendo\u00bb (Kachkaniraqmi) -mejor documental en el Festival de Cine de Lima en 2013, entro otros reconocimientos-, Corcuera presenta \u00abEl viaje de Javier Heraud\u00bb, filme producido por Quechua Films Per\u00fa, coproducido por La Mula Producciones y Tamboura Films (Espa\u00f1a), y distribuido por V&amp;R Films.<\/span><\/p>\n<p><span style=\"color: #000000;\">La pel\u00edcula es presentada por Ariarca Otero, sobrina nieta del m\u00edtico poeta, quien decide abrir el ba\u00fal de los recuerdos y reconstruir la historia de su t\u00edo abuelo acribillado en el r\u00edo Madre de Dios a los 21 a\u00f1os.<\/span><\/p>\n<p><span style=\"color: #000000;\">Desde la mirada de Ariarca -que al momento de la filmaci\u00f3n tambi\u00e9n ten\u00eda 21 a\u00f1os-, el filme muestra de cerca la vida y obra de uno de los poetas nacionales m\u00e1s importantes de nuestros tiempos.<\/span><\/p>\n<p>https:\/\/youtu.be\/5afzfEifszU<\/p>\n","protected":false},"excerpt":{"rendered":"<p>\u00abEl viaje de Javier Heraud\u00bb, ser\u00e1 la cinta que inaugure el 23 Festival de Cine de Lima. Luego de ello, el jueves 22 de agosto, el filme se estrenar\u00e1 en salas comerciales del pa\u00eds. Lima, 01 Agosto 2019, (ANDINA).- \u00abEl viaje de Javier Heraud\u00bb, cinta que narra el lado desconocido de este poeta peruano universal, [&hellip;]<\/p>\n","protected":false},"author":1,"featured_media":49194,"comment_status":"open","ping_status":"open","sticky":false,"template":"","format":"standard","meta":{"rop_custom_images_group":[],"rop_custom_messages_group":[],"rop_publish_now":"initial","rop_publish_now_accounts":[],"rop_publish_now_history":[],"rop_publish_now_status":"pending","footnotes":""},"categories":[7],"tags":[1626,4700,4701],"class_list":["post-54246","post","type-post","status-publish","format-standard","has-post-thumbnail","hentry","category-butaca","tag-cine-peruano","tag-el-viaje-de-javier-heraud","tag-festival-de-cine-de-lima-2019"],"_links":{"self":[{"href":"https:\/\/elinformanteperu.com\/index.php\/wp-json\/wp\/v2\/posts\/54246","targetHints":{"allow":["GET"]}}],"collection":[{"href":"https:\/\/elinformanteperu.com\/index.php\/wp-json\/wp\/v2\/posts"}],"about":[{"href":"https:\/\/elinformanteperu.com\/index.php\/wp-json\/wp\/v2\/types\/post"}],"author":[{"embeddable":true,"href":"https:\/\/elinformanteperu.com\/index.php\/wp-json\/wp\/v2\/users\/1"}],"replies":[{"embeddable":true,"href":"https:\/\/elinformanteperu.com\/index.php\/wp-json\/wp\/v2\/comments?post=54246"}],"version-history":[{"count":1,"href":"https:\/\/elinformanteperu.com\/index.php\/wp-json\/wp\/v2\/posts\/54246\/revisions"}],"predecessor-version":[{"id":54248,"href":"https:\/\/elinformanteperu.com\/index.php\/wp-json\/wp\/v2\/posts\/54246\/revisions\/54248"}],"wp:featuredmedia":[{"embeddable":true,"href":"https:\/\/elinformanteperu.com\/index.php\/wp-json\/wp\/v2\/media\/49194"}],"wp:attachment":[{"href":"https:\/\/elinformanteperu.com\/index.php\/wp-json\/wp\/v2\/media?parent=54246"}],"wp:term":[{"taxonomy":"category","embeddable":true,"href":"https:\/\/elinformanteperu.com\/index.php\/wp-json\/wp\/v2\/categories?post=54246"},{"taxonomy":"post_tag","embeddable":true,"href":"https:\/\/elinformanteperu.com\/index.php\/wp-json\/wp\/v2\/tags?post=54246"}],"curies":[{"name":"wp","href":"https:\/\/api.w.org\/{rel}","templated":true}]}}