{"id":54243,"date":"2019-08-01T19:52:13","date_gmt":"2019-08-02T00:52:13","guid":{"rendered":"http:\/\/elinformanteperu.com\/?p=54243"},"modified":"2019-08-01T19:52:13","modified_gmt":"2019-08-02T00:52:13","slug":"lima-2019-gian-marco-sera-el-artista-estelar-en-la-clausura-de-juegos-panamericanos","status":"publish","type":"post","link":"https:\/\/elinformanteperu.com\/index.php\/2019\/08\/01\/lima-2019-gian-marco-sera-el-artista-estelar-en-la-clausura-de-juegos-panamericanos\/","title":{"rendered":"Lima 2019: Gian Marco ser\u00e1 el artista estelar en la clausura de Juegos Panamericanos"},"content":{"rendered":"<p><strong><span style=\"color: #000000;\">El Comit\u00e9 Organizador anunci\u00f3 que el reconocido cantautor peruano Gian Marco participar\u00e1 en la ceremonia de clausura de los Juegos Panamericanos Lima 2019.<\/span><\/strong><\/p>\n<p><span style=\"color: #000000;\"><strong>Lima, 01 Agosto 2019, (ANDINA).-<\/strong> El Comit\u00e9 Organizador de los Panamericanos Lima 2019 anunci\u00f3 que el reconocido cantautor peruano Gian Marco protagonizar\u00e1 una actuaci\u00f3n estelar en la ceremonia de clausura de los Juegos Panamericanos Lima 2019, que se llevar\u00e1 a cabo el pr\u00f3ximo 11 de agosto en el Estadio Nacional.<\/span><\/p>\n<p><span style=\"color: #000000;\">En un video difundido en las redes sociales de Lima 2019, el exponente de la m\u00fasica hispana inst\u00f3 a la ciudadan\u00eda a ser parte de una inolvidable ceremonia de clausura, que permitir\u00e1 reivindicar al Per\u00fa como epicentro del deporte continental; as\u00ed como rendir un merecido homenaje al talento de los atletas que concursaron en los juegos, bajo el trasfondo de un ambiente de integraci\u00f3n de las culturas milenarias de Am\u00e9rica.<\/span><\/p>\n<p><span style=\"color: #000000;\">\u201cQuiero invitarlos a participar del cierre de los Juegos Panamericanos Lima 2019. Estar\u00e9 cantando y celebrando al Per\u00fa para conmemorar esta enorme fiesta del deporte. \u00a1En Lima 2019, jugamos todos!\u201d, expres\u00f3 emocionado el compositor lime\u00f1o.<\/span><\/p>\n<p><span style=\"color: #000000;\">Con una impecable y exitosa trayectoria art\u00edstica de m\u00e1s de 20 a\u00f1os en el Per\u00fa y en el extranjero, Gian Marco es innegablemente uno de los cantantes de habla hispana de mayor trascendencia internacional.<\/span><\/p>\n<p><span style=\"color: #000000;\">Cabe precisar que la producci\u00f3n de la ceremonia de clausura est\u00e1 a cargo de la prestigiosa empresa italiana Balich WorldWide Shows, l\u00edder mundial en la industria del entretenimiento en vivo, que ha sido responsable del acto de apertura de Lima 2019 y las inauguraciones ol\u00edmpicas de Torino 2006, Sochi 2014 y R\u00edo 2016.<\/span><\/p>\n<p><span style=\"color: #000000;\">Para adquirir entradas debes ingresar a <strong>lima2019.pe\/tickets<\/strong><\/span><\/p>\n<p><img fetchpriority=\"high\" decoding=\"async\" class=\"aligncenter size-full wp-image-53818\" src=\"http:\/\/elinformanteperu.com\/wp-content\/uploads\/2019\/07\/inauguracion-panamericanos.jpg\" alt=\"\" width=\"1800\" height=\"1200\" srcset=\"https:\/\/elinformanteperu.com\/wp-content\/uploads\/2019\/07\/inauguracion-panamericanos.jpg 1800w, https:\/\/elinformanteperu.com\/wp-content\/uploads\/2019\/07\/inauguracion-panamericanos-300x200.jpg 300w, https:\/\/elinformanteperu.com\/wp-content\/uploads\/2019\/07\/inauguracion-panamericanos-768x512.jpg 768w, https:\/\/elinformanteperu.com\/wp-content\/uploads\/2019\/07\/inauguracion-panamericanos-1024x683.jpg 1024w, https:\/\/elinformanteperu.com\/wp-content\/uploads\/2019\/07\/inauguracion-panamericanos-128x85.jpg 128w, https:\/\/elinformanteperu.com\/wp-content\/uploads\/2019\/07\/inauguracion-panamericanos-32x21.jpg 32w\" sizes=\"(max-width: 1800px) 100vw, 1800px\" \/><\/p>\n","protected":false},"excerpt":{"rendered":"<p>El Comit\u00e9 Organizador anunci\u00f3 que el reconocido cantautor peruano Gian Marco participar\u00e1 en la ceremonia de clausura de los Juegos Panamericanos Lima 2019. Lima, 01 Agosto 2019, (ANDINA).- El Comit\u00e9 Organizador de los Panamericanos Lima 2019 anunci\u00f3 que el reconocido cantautor peruano Gian Marco protagonizar\u00e1 una actuaci\u00f3n estelar en la ceremonia de clausura de los [&hellip;]<\/p>\n","protected":false},"author":1,"featured_media":54244,"comment_status":"open","ping_status":"open","sticky":false,"template":"","format":"standard","meta":{"rop_custom_images_group":[],"rop_custom_messages_group":[],"rop_publish_now":"initial","rop_publish_now_accounts":[],"rop_publish_now_history":[],"rop_publish_now_status":"pending","footnotes":""},"categories":[8,69],"tags":[2046,404,191],"class_list":["post-54243","post","type-post","status-publish","format-standard","has-post-thumbnail","hentry","category-disciplinas-deportivas","category-musica","tag-gian-marco","tag-juegos-panamericanos-lima-2019","tag-lima-2019"],"_links":{"self":[{"href":"https:\/\/elinformanteperu.com\/index.php\/wp-json\/wp\/v2\/posts\/54243","targetHints":{"allow":["GET"]}}],"collection":[{"href":"https:\/\/elinformanteperu.com\/index.php\/wp-json\/wp\/v2\/posts"}],"about":[{"href":"https:\/\/elinformanteperu.com\/index.php\/wp-json\/wp\/v2\/types\/post"}],"author":[{"embeddable":true,"href":"https:\/\/elinformanteperu.com\/index.php\/wp-json\/wp\/v2\/users\/1"}],"replies":[{"embeddable":true,"href":"https:\/\/elinformanteperu.com\/index.php\/wp-json\/wp\/v2\/comments?post=54243"}],"version-history":[{"count":1,"href":"https:\/\/elinformanteperu.com\/index.php\/wp-json\/wp\/v2\/posts\/54243\/revisions"}],"predecessor-version":[{"id":54245,"href":"https:\/\/elinformanteperu.com\/index.php\/wp-json\/wp\/v2\/posts\/54243\/revisions\/54245"}],"wp:featuredmedia":[{"embeddable":true,"href":"https:\/\/elinformanteperu.com\/index.php\/wp-json\/wp\/v2\/media\/54244"}],"wp:attachment":[{"href":"https:\/\/elinformanteperu.com\/index.php\/wp-json\/wp\/v2\/media?parent=54243"}],"wp:term":[{"taxonomy":"category","embeddable":true,"href":"https:\/\/elinformanteperu.com\/index.php\/wp-json\/wp\/v2\/categories?post=54243"},{"taxonomy":"post_tag","embeddable":true,"href":"https:\/\/elinformanteperu.com\/index.php\/wp-json\/wp\/v2\/tags?post=54243"}],"curies":[{"name":"wp","href":"https:\/\/api.w.org\/{rel}","templated":true}]}}