{"id":53938,"date":"2019-07-28T13:38:10","date_gmt":"2019-07-28T18:38:10","guid":{"rendered":"http:\/\/elinformanteperu.com\/?p=53938"},"modified":"2019-07-28T13:38:10","modified_gmt":"2019-07-28T18:38:10","slug":"presidente-vizcarra-llega-al-congreso-para-dar-mensaje-a-la-nacion","status":"publish","type":"post","link":"https:\/\/elinformanteperu.com\/index.php\/2019\/07\/28\/presidente-vizcarra-llega-al-congreso-para-dar-mensaje-a-la-nacion\/","title":{"rendered":"Presidente Vizcarra llega al Congreso para dar Mensaje a la Naci\u00f3n"},"content":{"rendered":"<p><span style=\"color: #000000;\"><strong>El presidente de la Rep\u00fablica, Mart\u00edn Vizcarra lleg\u00f3 al Congreso para dar su Mensaje a la Naci\u00f3n por Fiestas Patrias.<\/strong><\/span><\/p>\n<p><span style=\"color: #000000;\"><strong>Lima, 28 Julio 2019, (ANDINA).-<\/strong> El presidente Mart\u00edn Vizcarra lleg\u00f3 al Congreso para dar su Mensaje a la Naci\u00f3n por Fiestas Patrias.<\/span><\/p>\n<p><span style=\"color: #000000;\">A su llegada recibi\u00f3 los honores militares correspondientes a su alta investidura.<\/span><\/p>\n<p><span style=\"color: #000000;\">El jefe del Estado lleg\u00f3 a la sede del Poder Legislativo acompa\u00f1ado por el titular de la Presidencia del Consejo de Ministros, Salvador del Solar y el ministro de Justicia y Derechos Humanos, Vicente Zeballos.<\/span><\/p>\n<p><span style=\"color: #000000;\">Asimismo, le dio la bienvenida la Comisi\u00f3n de Recibo conformada los congresistas Milagros Takayama (FP), Luis Yika Garc\u00eda (C21), Katia Gilvonio Condezo (NP), Ana Mar\u00eda Choquehuanca (PPK), Patricia Donayre Pasquel (Unidos por la Rep\u00fablica), Miguel Castro Gr\u00e1ndez (APP), Clemente Florez V\u00edlchez (PPK), Hernando Cevallos Flores (FA), Miguel Rom\u00e1n Valdivia (AP) y Mo\u00edses Gu\u00eda Pianto (Contigo).<\/span><\/p>\n","protected":false},"excerpt":{"rendered":"<p>El presidente de la Rep\u00fablica, Mart\u00edn Vizcarra lleg\u00f3 al Congreso para dar su Mensaje a la Naci\u00f3n por Fiestas Patrias. Lima, 28 Julio 2019, (ANDINA).- El presidente Mart\u00edn Vizcarra lleg\u00f3 al Congreso para dar su Mensaje a la Naci\u00f3n por Fiestas Patrias. A su llegada recibi\u00f3 los honores militares correspondientes a su alta investidura. El [&hellip;]<\/p>\n","protected":false},"author":1,"featured_media":53939,"comment_status":"open","ping_status":"open","sticky":false,"template":"","format":"standard","meta":{"rop_custom_images_group":[],"rop_custom_messages_group":[],"rop_publish_now":"initial","rop_publish_now_accounts":[],"rop_publish_now_history":[],"rop_publish_now_status":"pending","footnotes":""},"categories":[5],"tags":[192,1920,289],"class_list":["post-53938","post","type-post","status-publish","format-standard","has-post-thumbnail","hentry","category-actualidad-informativa","tag-congreso","tag-fiestas-patrias","tag-martin-vizcarra"],"_links":{"self":[{"href":"https:\/\/elinformanteperu.com\/index.php\/wp-json\/wp\/v2\/posts\/53938","targetHints":{"allow":["GET"]}}],"collection":[{"href":"https:\/\/elinformanteperu.com\/index.php\/wp-json\/wp\/v2\/posts"}],"about":[{"href":"https:\/\/elinformanteperu.com\/index.php\/wp-json\/wp\/v2\/types\/post"}],"author":[{"embeddable":true,"href":"https:\/\/elinformanteperu.com\/index.php\/wp-json\/wp\/v2\/users\/1"}],"replies":[{"embeddable":true,"href":"https:\/\/elinformanteperu.com\/index.php\/wp-json\/wp\/v2\/comments?post=53938"}],"version-history":[{"count":1,"href":"https:\/\/elinformanteperu.com\/index.php\/wp-json\/wp\/v2\/posts\/53938\/revisions"}],"predecessor-version":[{"id":53940,"href":"https:\/\/elinformanteperu.com\/index.php\/wp-json\/wp\/v2\/posts\/53938\/revisions\/53940"}],"wp:featuredmedia":[{"embeddable":true,"href":"https:\/\/elinformanteperu.com\/index.php\/wp-json\/wp\/v2\/media\/53939"}],"wp:attachment":[{"href":"https:\/\/elinformanteperu.com\/index.php\/wp-json\/wp\/v2\/media?parent=53938"}],"wp:term":[{"taxonomy":"category","embeddable":true,"href":"https:\/\/elinformanteperu.com\/index.php\/wp-json\/wp\/v2\/categories?post=53938"},{"taxonomy":"post_tag","embeddable":true,"href":"https:\/\/elinformanteperu.com\/index.php\/wp-json\/wp\/v2\/tags?post=53938"}],"curies":[{"name":"wp","href":"https:\/\/api.w.org\/{rel}","templated":true}]}}