{"id":53883,"date":"2019-07-28T10:24:52","date_gmt":"2019-07-28T15:24:52","guid":{"rendered":"http:\/\/elinformanteperu.com\/?p=53883"},"modified":"2019-07-28T10:24:52","modified_gmt":"2019-07-28T15:24:52","slug":"pico-y-placa-todos-los-vehiculos-particulares-podran-circular-el-29-y-30-de-julio","status":"publish","type":"post","link":"https:\/\/elinformanteperu.com\/index.php\/2019\/07\/28\/pico-y-placa-todos-los-vehiculos-particulares-podran-circular-el-29-y-30-de-julio\/","title":{"rendered":"Pico y placa: todos los veh\u00edculos particulares podr\u00e1n circular el 29 y 30 de julio"},"content":{"rendered":"<p><strong><span style=\"color: #000000;\">La \u201cHora pico y placa\u201d no se aplicar\u00e1 los d\u00edas lunes 29 ni martes 30, raz\u00f3n por la cual los conductores de los veh\u00edculos particulares podr\u00e1n transitar por las v\u00edas metropolitanas.<\/span><\/strong><\/p>\n<p><span style=\"color: #000000;\"><strong>Lima, 28 Julio 2019, (ANDINA).-<\/strong> La \u201cHora pico y placa\u201d no se aplicar\u00e1 los d\u00edas lunes 29 ni martes 30, raz\u00f3n por la cual los conductores de los veh\u00edculos particulares de las categor\u00edas M1 y N1 podr\u00e1n transitar por las v\u00edas metropolitanas, sin distinci\u00f3n del \u00faltimo d\u00edgito de su placa de rodaje, aclar\u00f3 la Municipalidad de Lima.<\/span><\/p>\n<p><span style=\"color: #000000;\">De acuerdo con la ordenanza municipal N\u00b0 2164, la medida de restricci\u00f3n vehicular que busca mejorar el tr\u00e1nsito en la capital no aplica los feriados establecidos en el calendario y los d\u00edas declarados no laborables.<\/span><\/p>\n<p><span style=\"color: #000000;\">Es decir, durante las fechas mencionadas el plan \u201cHora pico y placa\u201d no estar\u00e1 activo en los ejes viales Panamericana Sur \u2013 Evitamiento \u2013 Panamericana Norte, Javier Prado \u2013 La Marina y Tacna \u2013 Garcilaso de la Vega \u2013 Arequipa.<\/span><\/p>\n<p><span style=\"color: #000000;\">\u00abHora pico y placa\u00bb se ejecuta de lunes a jueves, de 6 a.m. a 10 a.m. y de 5 p.m. a 9 p.m. Los veh\u00edculos con placa par (incluido el cero) no pueden circular los lunes y mi\u00e9rcoles, mientras que los de placa impar los martes y jueves.<\/span><\/p>\n<p><span style=\"color: #000000;\">La Municipalidad de Lima recuerda que a partir del mi\u00e9rcoles 31 de julio \u201cHora pico y placa\u201d se retomar\u00e1 por lo que se recomienda a los conductores usar las v\u00edas alternas a los ejes con restricci\u00f3n o movilizarse en transporte p\u00fablico (Metropolitano y los buses de los corredores complementarios) o taxis autorizados.<\/span><\/p>\n<p><span style=\"color: #000000;\">Otra opci\u00f3n es empezar a compartir el auto con compa\u00f1eros de trabajo, familiares o vecinos.<\/span><\/p>\n<p><span style=\"color: #000000;\">A partir del lunes 5 de agosto, se empezar\u00e1 con la imposici\u00f3n de multas de S\/ 336 a aquellos conductores que no respeten la medida.<\/span><\/p>\n","protected":false},"excerpt":{"rendered":"<p>La \u201cHora pico y placa\u201d no se aplicar\u00e1 los d\u00edas lunes 29 ni martes 30, raz\u00f3n por la cual los conductores de los veh\u00edculos particulares podr\u00e1n transitar por las v\u00edas metropolitanas. Lima, 28 Julio 2019, (ANDINA).- La \u201cHora pico y placa\u201d no se aplicar\u00e1 los d\u00edas lunes 29 ni martes 30, raz\u00f3n por la cual [&hellip;]<\/p>\n","protected":false},"author":1,"featured_media":53884,"comment_status":"open","ping_status":"open","sticky":false,"template":"","format":"standard","meta":{"rop_custom_images_group":[],"rop_custom_messages_group":[],"rop_publish_now":"initial","rop_publish_now_accounts":[],"rop_publish_now_history":[],"rop_publish_now_status":"pending","footnotes":""},"categories":[10],"tags":[1613,122,4664],"class_list":["post-53883","post","type-post","status-publish","format-standard","has-post-thumbnail","hentry","category-actualidad-municipal","tag-lima","tag-municipalidad-de-lima","tag-pico-y-placa"],"_links":{"self":[{"href":"https:\/\/elinformanteperu.com\/index.php\/wp-json\/wp\/v2\/posts\/53883","targetHints":{"allow":["GET"]}}],"collection":[{"href":"https:\/\/elinformanteperu.com\/index.php\/wp-json\/wp\/v2\/posts"}],"about":[{"href":"https:\/\/elinformanteperu.com\/index.php\/wp-json\/wp\/v2\/types\/post"}],"author":[{"embeddable":true,"href":"https:\/\/elinformanteperu.com\/index.php\/wp-json\/wp\/v2\/users\/1"}],"replies":[{"embeddable":true,"href":"https:\/\/elinformanteperu.com\/index.php\/wp-json\/wp\/v2\/comments?post=53883"}],"version-history":[{"count":1,"href":"https:\/\/elinformanteperu.com\/index.php\/wp-json\/wp\/v2\/posts\/53883\/revisions"}],"predecessor-version":[{"id":53885,"href":"https:\/\/elinformanteperu.com\/index.php\/wp-json\/wp\/v2\/posts\/53883\/revisions\/53885"}],"wp:featuredmedia":[{"embeddable":true,"href":"https:\/\/elinformanteperu.com\/index.php\/wp-json\/wp\/v2\/media\/53884"}],"wp:attachment":[{"href":"https:\/\/elinformanteperu.com\/index.php\/wp-json\/wp\/v2\/media?parent=53883"}],"wp:term":[{"taxonomy":"category","embeddable":true,"href":"https:\/\/elinformanteperu.com\/index.php\/wp-json\/wp\/v2\/categories?post=53883"},{"taxonomy":"post_tag","embeddable":true,"href":"https:\/\/elinformanteperu.com\/index.php\/wp-json\/wp\/v2\/tags?post=53883"}],"curies":[{"name":"wp","href":"https:\/\/api.w.org\/{rel}","templated":true}]}}