{"id":53875,"date":"2019-07-28T10:17:43","date_gmt":"2019-07-28T15:17:43","guid":{"rendered":"http:\/\/elinformanteperu.com\/?p=53875"},"modified":"2019-07-28T10:17:43","modified_gmt":"2019-07-28T15:17:43","slug":"fiestas-patrias-mas-de-700-danzantes-y-musicos-abriran-desfile-del-29-de-julio","status":"publish","type":"post","link":"https:\/\/elinformanteperu.com\/index.php\/2019\/07\/28\/fiestas-patrias-mas-de-700-danzantes-y-musicos-abriran-desfile-del-29-de-julio\/","title":{"rendered":"Fiestas Patrias: M\u00e1s de 700 danzantes y m\u00fasicos abrir\u00e1n desfile del 29 de julio"},"content":{"rendered":"<p><strong><span style=\"color: #000000;\">M\u00e1s de 700 bailarines y m\u00fasicos del Ministerio de Cultura abrir\u00e1n por segundo a\u00f1o consecutivo el Gran Desfile C\u00edvico Militar que se realizar\u00e1 este lunes 29 de julio.<\/span><\/strong><\/p>\n<p><span style=\"color: #000000;\"><strong>Lima, 28 Julio 2019, (ANDINA).-<\/strong> M\u00e1s de 700 bailarines y m\u00fasicos del Ministerio de Cultura abrir\u00e1n por segundo a\u00f1o consecutivo el Gran Desfile C\u00edvico Militar que se realizar\u00e1 este lunes 29 de julio en la avenida Brasil con motivo del 198 aniversario de la Independencia Nacional.<\/span><\/p>\n<p><span style=\"color: #000000;\">\u00cdtalo Ilizarbe, director de Elencos Nacionales del Ministerio de Cultura, inform\u00f3 a la Agencia Andina que el prop\u00f3sito de la participaci\u00f3n en el desfile de este agrupamiento cultural es revalorar las costumbres y tradiciones del Per\u00fa y darle colorido y alegr\u00eda a la jornada patri\u00f3tica.<\/span><\/p>\n<p><span style=\"color: #000000;\">El desplazamiento de estos artistas tendr\u00e1 una duraci\u00f3n de 15 minutos, durante los cuales destacar\u00e1 la presencia de una pareja de personas con discapacidad que bailar\u00e1 un huaino cusque\u00f1o.<\/span><\/p>\n<p><span style=\"color: #000000;\">Esta pareja de danzantes pertenece al Instituto Fray Mas\u00edas, entidad que brinda educaci\u00f3n a personas con necesidades especiales. Ellos participar\u00e1n junto a los artistas del Ministerio de Cultura y del Ballet de Folclor Nacional. Este \u00faltimo cerrar\u00e1 con una marinera norte\u00f1a.<\/span><\/p>\n<p><span style=\"color: #000000;\">Esta delegaci\u00f3n ser\u00e1 la que ponga la nota festiva al desfile con las coloridas danzas y las alegres canciones de nuestro Per\u00fa en la celebraci\u00f3n de un a\u00f1o m\u00e1s de su independencia.<\/span><\/p>\n<p><span style=\"color: #000000;\">Este agrupamiento cultural abrir\u00e1 el gran desfile presentando siete danzas de tres regiones del pa\u00eds.<\/span><\/p>\n<p><img fetchpriority=\"high\" decoding=\"async\" class=\"aligncenter size-full wp-image-53877\" src=\"http:\/\/elinformanteperu.com\/wp-content\/uploads\/2019\/07\/marinera-fiestas-patrias1.jpg\" alt=\"\" width=\"500\" height=\"333\" srcset=\"https:\/\/elinformanteperu.com\/wp-content\/uploads\/2019\/07\/marinera-fiestas-patrias1.jpg 500w, https:\/\/elinformanteperu.com\/wp-content\/uploads\/2019\/07\/marinera-fiestas-patrias1-300x200.jpg 300w, https:\/\/elinformanteperu.com\/wp-content\/uploads\/2019\/07\/marinera-fiestas-patrias1-128x85.jpg 128w, https:\/\/elinformanteperu.com\/wp-content\/uploads\/2019\/07\/marinera-fiestas-patrias1-32x21.jpg 32w\" sizes=\"(max-width: 500px) 100vw, 500px\" \/><span style=\"color: #000000;\">A continuaci\u00f3n, tomar\u00e1 su ubicaci\u00f3n frente a la tribuna principal la banda Conjunta de las Fuerzas Armadas y Polic\u00eda Nacional del Per\u00fa.<\/span><\/p>\n<p><span style=\"color: #000000;\">Seguidamente marchar\u00e1n las delegaciones de Argentina, Ecuador, Chile, Colombia, as\u00ed como de los pa\u00edses invitados de los Juegos Panamericanos y Parapanamericanos.<\/span><\/p>\n<p><span style=\"color: #000000;\">Minutos despu\u00e9s har\u00e1n lo propio los representantes de los colegios p\u00fablicos Nuestra Se\u00f1ora de Guadalupe, Juana de Larco de Dammert y Teresa Gonz\u00e1les de Fanning.<\/span><\/p>\n<p><span style=\"color: #000000;\">Tambi\u00e9n del Instituto de Educaci\u00f3n Superior Tecnol\u00f3gico P\u00fablico de las Fuerzas Armadas (IESTPFFAA), as\u00ed como de las universidades nacionales Mayor de San Marcos, de Ingenier\u00eda y Agraria La Molina.<\/span><\/p>\n<p><span style=\"color: #000000;\">Posteriormente har\u00e1n su paso marcial el Batall\u00f3n Per\u00fa, el Grupo Especial de Inteligencia (GEIN), la delegaci\u00f3n de mineros del operativo Chav\u00edn de Huantar, la compa\u00f1\u00eda de comandos Chav\u00edn de Huantar, as\u00ed como las unidades hist\u00f3ricas de las Instituciones Armadas y Polic\u00eda Nacional del Per\u00fa.<\/span><\/p>\n<p><span style=\"color: #000000;\">El segundo agrupamiento estar\u00e1 conformado por los representantes de Indeci e instituciones cient\u00edficas como el IGP, Senamhi, la Direcci\u00f3n de Hidrograf\u00eda y Navegaci\u00f3n, Conida, Ingemmet, Autoridad Nacional del Agua (ANA) e Imarpe.<\/span><\/p>\n<p><span style=\"color: #000000;\">Tambi\u00e9n desfilar\u00e1n funcionarios y trabajadores de diferentes ministerior, de la compa\u00f1\u00eda de Bomberos y de la Compa\u00f1\u00edas de Intervenci\u00f3n R\u00e1pida para Desastres de las Fuerzas Armadas y Polic\u00eda Nacional.<\/span><\/p>\n<p><span style=\"color: #000000;\">A continuaci\u00f3n, y en ese orden, desfilar\u00e1n los agrupamientos de la Polic\u00eda Nacional del Per\u00fa (PNP), Marina de Guerra del Per\u00fa (MGP), Fuerza A\u00e9rea del Per\u00fa (FAP), Ej\u00e9rcito, agrupamiento motorizado y agrupamiento a\u00e9reo.<\/span><\/p>\n<p><span style=\"color: #000000;\">La Municipalidad de Lima indic\u00f3 que el tr\u00e1nsito vehicular se restringir\u00e1 a partir de la medianoche del domingo 28 hasta las 15.00 horas del d\u00eda siguiente, desde la intersecci\u00f3n de la avenida Javier Prado Oeste con la cuadra 32 de la avenida Brasil hasta la altura de la plaza Bolognesi.<\/span><\/p>\n","protected":false},"excerpt":{"rendered":"<p>M\u00e1s de 700 bailarines y m\u00fasicos del Ministerio de Cultura abrir\u00e1n por segundo a\u00f1o consecutivo el Gran Desfile C\u00edvico Militar que se realizar\u00e1 este lunes 29 de julio. Lima, 28 Julio 2019, (ANDINA).- M\u00e1s de 700 bailarines y m\u00fasicos del Ministerio de Cultura abrir\u00e1n por segundo a\u00f1o consecutivo el Gran Desfile C\u00edvico Militar que se [&hellip;]<\/p>\n","protected":false},"author":1,"featured_media":53876,"comment_status":"open","ping_status":"open","sticky":false,"template":"","format":"standard","meta":{"rop_custom_images_group":[],"rop_custom_messages_group":[],"rop_publish_now":"initial","rop_publish_now_accounts":[],"rop_publish_now_history":[],"rop_publish_now_status":"pending","footnotes":""},"categories":[10],"tags":[1920],"class_list":["post-53875","post","type-post","status-publish","format-standard","has-post-thumbnail","hentry","category-actualidad-municipal","tag-fiestas-patrias"],"_links":{"self":[{"href":"https:\/\/elinformanteperu.com\/index.php\/wp-json\/wp\/v2\/posts\/53875","targetHints":{"allow":["GET"]}}],"collection":[{"href":"https:\/\/elinformanteperu.com\/index.php\/wp-json\/wp\/v2\/posts"}],"about":[{"href":"https:\/\/elinformanteperu.com\/index.php\/wp-json\/wp\/v2\/types\/post"}],"author":[{"embeddable":true,"href":"https:\/\/elinformanteperu.com\/index.php\/wp-json\/wp\/v2\/users\/1"}],"replies":[{"embeddable":true,"href":"https:\/\/elinformanteperu.com\/index.php\/wp-json\/wp\/v2\/comments?post=53875"}],"version-history":[{"count":1,"href":"https:\/\/elinformanteperu.com\/index.php\/wp-json\/wp\/v2\/posts\/53875\/revisions"}],"predecessor-version":[{"id":53878,"href":"https:\/\/elinformanteperu.com\/index.php\/wp-json\/wp\/v2\/posts\/53875\/revisions\/53878"}],"wp:featuredmedia":[{"embeddable":true,"href":"https:\/\/elinformanteperu.com\/index.php\/wp-json\/wp\/v2\/media\/53876"}],"wp:attachment":[{"href":"https:\/\/elinformanteperu.com\/index.php\/wp-json\/wp\/v2\/media?parent=53875"}],"wp:term":[{"taxonomy":"category","embeddable":true,"href":"https:\/\/elinformanteperu.com\/index.php\/wp-json\/wp\/v2\/categories?post=53875"},{"taxonomy":"post_tag","embeddable":true,"href":"https:\/\/elinformanteperu.com\/index.php\/wp-json\/wp\/v2\/tags?post=53875"}],"curies":[{"name":"wp","href":"https:\/\/api.w.org\/{rel}","templated":true}]}}