{"id":53869,"date":"2019-07-28T09:57:30","date_gmt":"2019-07-28T14:57:30","guid":{"rendered":"http:\/\/elinformanteperu.com\/?p=53869"},"modified":"2019-07-28T09:57:41","modified_gmt":"2019-07-28T14:57:41","slug":"gladys-tejeda-como-se-alisto-para-ganar-el-oro-en-los-panamericanos","status":"publish","type":"post","link":"https:\/\/elinformanteperu.com\/index.php\/2019\/07\/28\/gladys-tejeda-como-se-alisto-para-ganar-el-oro-en-los-panamericanos\/","title":{"rendered":"Gladys Tejeda: \u00bfc\u00f3mo se alist\u00f3 para ganar el oro en los Panamericanos?"},"content":{"rendered":"<p><strong><span style=\"color: #000000;\">La atleta peruana Gladys Tejeda prepar\u00f3 con m\u00e1ximo rigor, todo al detalle el D\u00eda D, el d\u00eda de su revancha m\u00e1s esperada.<\/span><\/strong><\/p>\n<p><span style=\"color: #000000;\"><strong>Lima, 28 Julio 2019, (ANDINA).-<\/strong> A las 5h30 de la ma\u00f1ana son\u00f3 el despertador y se levant\u00f3 de la cama, algo m\u00e1s nerviosa de lo habitual pero centrada, como acostumbra, en su rutina pre-carrera. La peruana Gladys Tejeda prepar\u00f3 con m\u00e1ximo detalle el D\u00eda D, el d\u00eda de su revancha.<\/span><\/p>\n<p><span style=\"color: #000000;\">Hab\u00eda pedido una habitaci\u00f3n individual para asegurarse la soledad del corredor de fondo. Desayun\u00f3 pl\u00e1tanos, pan, agua tibia y fue a calentar.<\/span><\/p>\n<p><span style=\"color: #000000;\">A las 8h25 Tejeda estaba en la l\u00ednea de partida del \u00d3valo de Miraflores, el barrio insignia de Lima, tomando junto a 17 rivales la salida del marat\u00f3n de los Juegos Panamericanos en su retorno a una gran cita internacional cuatro a\u00f1os despu\u00e9s.<\/span><\/p>\n<p><span style=\"color: #000000;\">La mirada fija en el horizonte, sus automatismos \u2013trote est\u00e1tico, estiramientos, frote de brazos\u2013 delataban la trascendencia del momento. Solo el cercano aliento de la fanaticada peruana, a poco del inicio, logr\u00f3 arrancarle una emocionada sonrisa y contenido saludo.<\/span><\/p>\n<p><span style=\"color: #000000;\">\u00abElla siempre es as\u00ed: una chica muy tranquila que cuida sus rutinas. No tienes que estar encima para que haga nada, lo hace solita. No se cree una campeona\u00bb, explicaba antes de la carrera M\u00f3nica Roller, jefa de la delegaci\u00f3n de atletismo de Per\u00fa.<\/span><\/p>\n<p><span style=\"color: #000000;\">Aunque ella opina diferente de la protagonista de la jornada. \u00abPor supuesto que creo que es una campeona. Lo tiene todo, no necesita nada\u00bb, afirm\u00f3 Roller.<\/span><\/p>\n<p><span style=\"color: #000000;\">Ella fue testigo de excepci\u00f3n de los buenos y malos momentos vividos por la nativa de Junin que tras imponerse en los Panamericanos de Toronto-2015 perdi\u00f3 la medalla de oro al dar positivo en un control antidopaje por un diur\u00e9tico no autorizado.<\/span><\/p>\n<p><span style=\"color: #000000;\">\u00abSe tom\u00f3 la sanci\u00f3n con mucho fastidio, pero ahora va con mucho m\u00e1s cuidado y vigila todo lo que toma. Aprendi\u00f3 la lecci\u00f3n\u00bb.<\/span><\/p>\n<p><strong><span style=\"color: #000000;\">O es oro o no es medalla<\/span><\/strong><\/p>\n<p><img fetchpriority=\"high\" decoding=\"async\" class=\"aligncenter size-full wp-image-47576\" src=\"http:\/\/elinformanteperu.com\/wp-content\/uploads\/2019\/04\/gladys-tejeda.jpg\" alt=\"\" width=\"1800\" height=\"1339\" srcset=\"https:\/\/elinformanteperu.com\/wp-content\/uploads\/2019\/04\/gladys-tejeda.jpg 1800w, https:\/\/elinformanteperu.com\/wp-content\/uploads\/2019\/04\/gladys-tejeda-300x223.jpg 300w, https:\/\/elinformanteperu.com\/wp-content\/uploads\/2019\/04\/gladys-tejeda-768x571.jpg 768w, https:\/\/elinformanteperu.com\/wp-content\/uploads\/2019\/04\/gladys-tejeda-1024x762.jpg 1024w, https:\/\/elinformanteperu.com\/wp-content\/uploads\/2019\/04\/gladys-tejeda-128x95.jpg 128w, https:\/\/elinformanteperu.com\/wp-content\/uploads\/2019\/04\/gladys-tejeda-32x24.jpg 32w\" sizes=\"(max-width: 1800px) 100vw, 1800px\" \/><\/p>\n<p><span style=\"color: #000000;\">A las 8h30 Son\u00f3 la pistola y Tejeda sali\u00f3 con paso sereno pero firme por el carril exterior derecho, acompa\u00f1ada por la mexicana Margarita Hern\u00e1ndez en el interior.<\/span><\/p>\n<p><span style=\"color: #000000;\">Enfrente, 42 kil\u00f3metros y 195 metros de asfalto urbano bajo 14 grados de temperatura; algo fr\u00edo para los apretados espectadores matutinos, pero condiciones ideales para una maratoniana con sed de gloria.<\/span><\/p>\n<p><span style=\"color: #000000;\">A las 10h00 Hugo Del Castillo lograba para Per\u00fa la primera medalla de los Juegos en taekwondo poomsae mientras Tejeda pisaba a fondo en su segunda vuelta por el \u00d3valo, por delante de las brasile\u00f1as Valdilene Dos Santos y Andreia Hessel.<\/span><\/p>\n<p><span style=\"color: #000000;\">Hab\u00eda desplegado cuidadosamente sus avituallamientos de agua en los kil\u00f3metros 5, 12 y 25 y las piernas no solo aguantaban, sino que aumentaban el ritmo conforme crec\u00eda la excitaci\u00f3n desde la barrera. La fondista no se conformaba con la plata, quer\u00eda el oro. \u2018Su&#8217; oro.<\/span><\/p>\n<p><span style=\"color: #000000;\">\u00abLa competencia fue bastante dura. He tenido que mantener un ritmo fuerte para ir delante de las americanas y las brasile\u00f1as, que estaban muy bien preparadas. Tuve que salir al frente y hacer mi propia carrera\u00bb, relat\u00f3 despu\u00e9s.<\/span><\/p>\n<p><strong><span style=\"color: #000000;\">No corri\u00f3 sola<\/span><\/strong><\/p>\n<p><img decoding=\"async\" class=\"aligncenter size-full wp-image-53835\" src=\"http:\/\/elinformanteperu.com\/wp-content\/uploads\/2019\/07\/gladys-tejeda-panamericanos.jpg\" alt=\"\" width=\"1800\" height=\"1200\" srcset=\"https:\/\/elinformanteperu.com\/wp-content\/uploads\/2019\/07\/gladys-tejeda-panamericanos.jpg 1800w, https:\/\/elinformanteperu.com\/wp-content\/uploads\/2019\/07\/gladys-tejeda-panamericanos-300x200.jpg 300w, https:\/\/elinformanteperu.com\/wp-content\/uploads\/2019\/07\/gladys-tejeda-panamericanos-768x512.jpg 768w, https:\/\/elinformanteperu.com\/wp-content\/uploads\/2019\/07\/gladys-tejeda-panamericanos-1024x683.jpg 1024w, https:\/\/elinformanteperu.com\/wp-content\/uploads\/2019\/07\/gladys-tejeda-panamericanos-128x85.jpg 128w, https:\/\/elinformanteperu.com\/wp-content\/uploads\/2019\/07\/gladys-tejeda-panamericanos-32x21.jpg 32w\" sizes=\"(max-width: 1800px) 100vw, 1800px\" \/><\/p>\n<p><span style=\"color: #000000;\">A las 11h00, con un tiempo de 2 horas 30 minutos 55 segundos, seg\u00fan el cronometro oficial, Tejeda cruz\u00f3 la l\u00ednea de meta por delante de todas sus rivales, consiguiendo para Per\u00fa la primera medalla de oro de los Juegos que organiza.<\/span><\/p>\n<p><span style=\"color: #000000;\">Y para delirio de una hinchada que, la v\u00edspera de la fiesta patria, celebr\u00f3 por todo lo alto el triunfo de su \u00fanica representante en la prueba, despu\u00e9s de que se bajara a \u00faltima hora por lesi\u00f3n otra de sus grandes esperanzas, In\u00e9s Melchor.<\/span><\/p>\n<p><span style=\"color: #000000;\">\u00abLa estrategia era tener una ventaja desde el inicio y as\u00ed fue. La baja de Melchor afect\u00f3 porque estuve muy sola\u2026 pero acompa\u00f1ada por toda mi gente\u00bb, se alegr\u00f3.<\/span><\/p>\n<p><span style=\"color: #000000;\">A las 12h30, poco importaban ya las penas. Tejeda sonre\u00eda al fin, ya con la medalla colgada del cuello tras efusivo abrazo con su madre y su hermano, m\u00e1s felicitaci\u00f3n del presidente peruano Mart\u00edn Vizcarra.<\/span><\/p>\n<p><span style=\"color: #000000;\">Estaba en el mismo escenario donde antes solo apretaba los dientes y ahora posaba frente a los fot\u00f3grafos junto a su compatriota, Cristhian Pacheco, vencedor tambi\u00e9n en la prueba masculina.<\/span><\/p>\n<p><span style=\"color: #000000;\">Adem\u00e1s del cansancio, Tejeda sinti\u00f3 que el dolor de las piernas sub\u00eda hasta el brazo. Pero la emoci\u00f3n y el grito de \u00e1nimo de los aficionados impidi\u00f3 que desfalleciera.<\/span><\/p>\n<p><span style=\"color: #000000;\">\u00abAunque no lo tomo as\u00ed, fue una revancha, porque en Toronto-2015 fue injusto: estaba muy preparada y se perdi\u00f3 por una negligencia. Obviamente esta vez me toc\u00f3 en casa\u00bb, relat\u00f3 la junina.<\/span><\/p>\n<p><span style=\"color: #000000;\">A las 13h30, Tejeda se fue, Miraflores abajo, a festejar con los suyos. Lejos quedaban ya la soledad de la previa, el desayuno escueto y el despertador. No fue un sue\u00f1o: cuatro a\u00f1os despu\u00e9s, cambi\u00f3 la pesadilla canadiense por un triunfo de oro.<\/span><\/p>\n<p><img decoding=\"async\" class=\"aligncenter size-full wp-image-18964\" src=\"http:\/\/elinformanteperu.com\/wp-content\/uploads\/2017\/11\/gladys-tejeda-bolivarianos1.jpg\" alt=\"\" width=\"611\" height=\"458\" srcset=\"https:\/\/elinformanteperu.com\/wp-content\/uploads\/2017\/11\/gladys-tejeda-bolivarianos1.jpg 611w, https:\/\/elinformanteperu.com\/wp-content\/uploads\/2017\/11\/gladys-tejeda-bolivarianos1-300x225.jpg 300w, https:\/\/elinformanteperu.com\/wp-content\/uploads\/2017\/11\/gladys-tejeda-bolivarianos1-128x96.jpg 128w, https:\/\/elinformanteperu.com\/wp-content\/uploads\/2017\/11\/gladys-tejeda-bolivarianos1-32x24.jpg 32w\" sizes=\"(max-width: 611px) 100vw, 611px\" \/><\/p>\n","protected":false},"excerpt":{"rendered":"<p>La atleta peruana Gladys Tejeda prepar\u00f3 con m\u00e1ximo rigor, todo al detalle el D\u00eda D, el d\u00eda de su revancha m\u00e1s esperada. Lima, 28 Julio 2019, (ANDINA).- A las 5h30 de la ma\u00f1ana son\u00f3 el despertador y se levant\u00f3 de la cama, algo m\u00e1s nerviosa de lo habitual pero centrada, como acostumbra, en su rutina [&hellip;]<\/p>\n","protected":false},"author":1,"featured_media":53870,"comment_status":"open","ping_status":"open","sticky":false,"template":"","format":"standard","meta":{"rop_custom_images_group":[],"rop_custom_messages_group":[],"rop_publish_now":"initial","rop_publish_now_accounts":[],"rop_publish_now_history":[],"rop_publish_now_status":"pending","footnotes":""},"categories":[8],"tags":[582,404],"class_list":["post-53869","post","type-post","status-publish","format-standard","has-post-thumbnail","hentry","category-disciplinas-deportivas","tag-gladys-tejeda","tag-juegos-panamericanos-lima-2019"],"_links":{"self":[{"href":"https:\/\/elinformanteperu.com\/index.php\/wp-json\/wp\/v2\/posts\/53869","targetHints":{"allow":["GET"]}}],"collection":[{"href":"https:\/\/elinformanteperu.com\/index.php\/wp-json\/wp\/v2\/posts"}],"about":[{"href":"https:\/\/elinformanteperu.com\/index.php\/wp-json\/wp\/v2\/types\/post"}],"author":[{"embeddable":true,"href":"https:\/\/elinformanteperu.com\/index.php\/wp-json\/wp\/v2\/users\/1"}],"replies":[{"embeddable":true,"href":"https:\/\/elinformanteperu.com\/index.php\/wp-json\/wp\/v2\/comments?post=53869"}],"version-history":[{"count":2,"href":"https:\/\/elinformanteperu.com\/index.php\/wp-json\/wp\/v2\/posts\/53869\/revisions"}],"predecessor-version":[{"id":53872,"href":"https:\/\/elinformanteperu.com\/index.php\/wp-json\/wp\/v2\/posts\/53869\/revisions\/53872"}],"wp:featuredmedia":[{"embeddable":true,"href":"https:\/\/elinformanteperu.com\/index.php\/wp-json\/wp\/v2\/media\/53870"}],"wp:attachment":[{"href":"https:\/\/elinformanteperu.com\/index.php\/wp-json\/wp\/v2\/media?parent=53869"}],"wp:term":[{"taxonomy":"category","embeddable":true,"href":"https:\/\/elinformanteperu.com\/index.php\/wp-json\/wp\/v2\/categories?post=53869"},{"taxonomy":"post_tag","embeddable":true,"href":"https:\/\/elinformanteperu.com\/index.php\/wp-json\/wp\/v2\/tags?post=53869"}],"curies":[{"name":"wp","href":"https:\/\/api.w.org\/{rel}","templated":true}]}}