{"id":53790,"date":"2019-07-26T01:19:54","date_gmt":"2019-07-26T06:19:54","guid":{"rendered":"http:\/\/elinformanteperu.com\/?p=53790"},"modified":"2019-07-26T01:19:54","modified_gmt":"2019-07-26T06:19:54","slug":"daniel-salaverry-va-por-la-reeleccion-en-la-mesa-directiva","status":"publish","type":"post","link":"https:\/\/elinformanteperu.com\/index.php\/2019\/07\/26\/daniel-salaverry-va-por-la-reeleccion-en-la-mesa-directiva\/","title":{"rendered":"Daniel Salaverry va por la reelecci\u00f3n en la Mesa Directiva"},"content":{"rendered":"<p><strong><span style=\"color: #000000;\">El parlamentario Daniel Salaverry oficializ\u00f3 su candidatura a la Mesa Directiva del Congreso, para el periodo anual de sesiones 2019-2020.<\/span><\/strong><\/p>\n<p><span style=\"color: #000000;\"><strong>Lima, 25 Julio 2019, (ANDINA).-<\/strong> El parlamentario Daniel Salaverry oficializ\u00f3 su candidatura a la Mesa Directiva del Congreso, para el periodo anual de sesiones 2019-2020.<\/span><\/p>\n<p><span style=\"color: #000000;\">Casi al t\u00e9rmino del plazo fijado, Salaverry Villa, quien hace unas horas conform\u00f3 la bancada Unidos por la Rep\u00fablica, inscribi\u00f3 su candidatura liderando una f\u00f3rmula multipartidaria.<\/span><\/p>\n<p><span style=\"color: #000000;\">C\u00e9sar V\u00e1squez de Alianza para el Progreso, Ana Mar\u00eda Choquehuanca de Peruanos por el Kambio y Wilbert Rozas del Frente Amplio completan la plancha en la primera, segunda y tercera vicepresidencia, respectivamente.<\/span><\/p>\n<p><span style=\"color: #000000;\">Tras presentar su postulaci\u00f3n, Salaverry Villa exhort\u00f3 a sus colegas que emitir\u00e1n su voto este s\u00e1bado a pensar en qu\u00e9 gesti\u00f3n les garantizar\u00e1 un manejo independiente, aut\u00f3nomo y equitativo de la Mesa Directiva.<\/span><\/p>\n<p><span style=\"color: #000000;\">\u00abEsperamos ser una alternativa importante para aquellos congresista que a\u00fan no se sienten representados por otra propuestas\u00bb, dijo el legislador, quien subray\u00f3 que su propuesta multipartidaria es democr\u00e1tica.<\/span><\/p>\n<p><span style=\"color: #000000;\">Salaverry Villa lleg\u00f3 al Parlamento en la lista de Fuerza Popular y fue postulado por esta bancada para presidir la Mesa Directiva del Congreso para el periodo 2018-2019 y gan\u00f3 la presidencia del Congreso con 69 votos.<\/span><\/p>\n<p><span style=\"color: #000000;\">Sin embargo, ya en el ejercicio de su gesti\u00f3n se distanci\u00f3 del fujimorismo y finalmente renunci\u00f3 a esta agrupaci\u00f3n en enero del presente a\u00f1o.<\/span><\/p>\n","protected":false},"excerpt":{"rendered":"<p>El parlamentario Daniel Salaverry oficializ\u00f3 su candidatura a la Mesa Directiva del Congreso, para el periodo anual de sesiones 2019-2020. Lima, 25 Julio 2019, (ANDINA).- El parlamentario Daniel Salaverry oficializ\u00f3 su candidatura a la Mesa Directiva del Congreso, para el periodo anual de sesiones 2019-2020. Casi al t\u00e9rmino del plazo fijado, Salaverry Villa, quien hace [&hellip;]<\/p>\n","protected":false},"author":1,"featured_media":47819,"comment_status":"open","ping_status":"open","sticky":false,"template":"","format":"standard","meta":{"rop_custom_images_group":[],"rop_custom_messages_group":[],"rop_publish_now":"initial","rop_publish_now_accounts":[],"rop_publish_now_history":[],"rop_publish_now_status":"pending","footnotes":""},"categories":[5],"tags":[192],"class_list":["post-53790","post","type-post","status-publish","format-standard","has-post-thumbnail","hentry","category-actualidad-informativa","tag-congreso"],"_links":{"self":[{"href":"https:\/\/elinformanteperu.com\/index.php\/wp-json\/wp\/v2\/posts\/53790","targetHints":{"allow":["GET"]}}],"collection":[{"href":"https:\/\/elinformanteperu.com\/index.php\/wp-json\/wp\/v2\/posts"}],"about":[{"href":"https:\/\/elinformanteperu.com\/index.php\/wp-json\/wp\/v2\/types\/post"}],"author":[{"embeddable":true,"href":"https:\/\/elinformanteperu.com\/index.php\/wp-json\/wp\/v2\/users\/1"}],"replies":[{"embeddable":true,"href":"https:\/\/elinformanteperu.com\/index.php\/wp-json\/wp\/v2\/comments?post=53790"}],"version-history":[{"count":1,"href":"https:\/\/elinformanteperu.com\/index.php\/wp-json\/wp\/v2\/posts\/53790\/revisions"}],"predecessor-version":[{"id":53791,"href":"https:\/\/elinformanteperu.com\/index.php\/wp-json\/wp\/v2\/posts\/53790\/revisions\/53791"}],"wp:featuredmedia":[{"embeddable":true,"href":"https:\/\/elinformanteperu.com\/index.php\/wp-json\/wp\/v2\/media\/47819"}],"wp:attachment":[{"href":"https:\/\/elinformanteperu.com\/index.php\/wp-json\/wp\/v2\/media?parent=53790"}],"wp:term":[{"taxonomy":"category","embeddable":true,"href":"https:\/\/elinformanteperu.com\/index.php\/wp-json\/wp\/v2\/categories?post=53790"},{"taxonomy":"post_tag","embeddable":true,"href":"https:\/\/elinformanteperu.com\/index.php\/wp-json\/wp\/v2\/tags?post=53790"}],"curies":[{"name":"wp","href":"https:\/\/api.w.org\/{rel}","templated":true}]}}