{"id":53787,"date":"2019-07-26T01:18:55","date_gmt":"2019-07-26T06:18:55","guid":{"rendered":"http:\/\/elinformanteperu.com\/?p=53787"},"modified":"2019-07-26T01:18:55","modified_gmt":"2019-07-26T06:18:55","slug":"inscriben-candidatura-de-pedro-olaechea-para-presidencia-de-mesa-directiva","status":"publish","type":"post","link":"https:\/\/elinformanteperu.com\/index.php\/2019\/07\/26\/inscriben-candidatura-de-pedro-olaechea-para-presidencia-de-mesa-directiva\/","title":{"rendered":"Inscriben candidatura de Pedro Olaechea para presidencia de Mesa Directiva"},"content":{"rendered":"<p><strong><span style=\"color: #000000;\">El legislador de Acci\u00f3n Republicana, Pedro Olaechea inscribi\u00f3 oficialmente su candidatura para la presidencia de la Mesa Directiva del Parlamento.<\/span><\/strong><\/p>\n<p><span style=\"color: #000000;\"><strong>Lima, 25 Julio 2019, (ANDINA).-<\/strong> El legislador de Acci\u00f3n Republicana, Pedro Olaechea inscribi\u00f3 oficialmente su candidatura para la presidencia de la Mesa Directiva del Parlamento para el periodo anual de sesiones 2019-2020.<\/span><\/p>\n<p><span style=\"color: #000000;\">Lo acompa\u00f1an Karina Beteta de Fuerza Popular, como candidata a la primera vicepresidencia; Salvador Heresi de Contigo, como postulante a la segunda vicepresidencia y finalmente Marvin Palma de Cambio 21 a la tercera vicepresidencia.<\/span><\/p>\n<p><span style=\"color: #000000;\">Se trata de una f\u00f3rmula multipartidaria que es la primera lista en inscribirse para la elecci\u00f3n de la pr\u00f3xima Mesa Directiva del Parlamento.<\/span><\/p>\n<p><span style=\"color: #000000;\">Es la primera vez que Fuerza Popular, la bancada con m\u00e1s integrantes en el Parlamento, que no presenta candidato para la presidencia del Poder Legislativo.<\/span><\/p>\n<p><span style=\"color: #000000;\">El plazo para inscribir la listas de candidatos para la Mesa Directiva del Parlamento venci\u00f3 a las 11.59 horas.<\/span><\/p>\n","protected":false},"excerpt":{"rendered":"<p>El legislador de Acci\u00f3n Republicana, Pedro Olaechea inscribi\u00f3 oficialmente su candidatura para la presidencia de la Mesa Directiva del Parlamento. Lima, 25 Julio 2019, (ANDINA).- El legislador de Acci\u00f3n Republicana, Pedro Olaechea inscribi\u00f3 oficialmente su candidatura para la presidencia de la Mesa Directiva del Parlamento para el periodo anual de sesiones 2019-2020. Lo acompa\u00f1an Karina [&hellip;]<\/p>\n","protected":false},"author":1,"featured_media":53788,"comment_status":"open","ping_status":"open","sticky":false,"template":"","format":"standard","meta":{"rop_custom_images_group":[],"rop_custom_messages_group":[],"rop_publish_now":"initial","rop_publish_now_accounts":[],"rop_publish_now_history":[],"rop_publish_now_status":"pending","footnotes":""},"categories":[5],"tags":[192,2176],"class_list":["post-53787","post","type-post","status-publish","format-standard","has-post-thumbnail","hentry","category-actualidad-informativa","tag-congreso","tag-pedro-olaechea"],"_links":{"self":[{"href":"https:\/\/elinformanteperu.com\/index.php\/wp-json\/wp\/v2\/posts\/53787","targetHints":{"allow":["GET"]}}],"collection":[{"href":"https:\/\/elinformanteperu.com\/index.php\/wp-json\/wp\/v2\/posts"}],"about":[{"href":"https:\/\/elinformanteperu.com\/index.php\/wp-json\/wp\/v2\/types\/post"}],"author":[{"embeddable":true,"href":"https:\/\/elinformanteperu.com\/index.php\/wp-json\/wp\/v2\/users\/1"}],"replies":[{"embeddable":true,"href":"https:\/\/elinformanteperu.com\/index.php\/wp-json\/wp\/v2\/comments?post=53787"}],"version-history":[{"count":1,"href":"https:\/\/elinformanteperu.com\/index.php\/wp-json\/wp\/v2\/posts\/53787\/revisions"}],"predecessor-version":[{"id":53789,"href":"https:\/\/elinformanteperu.com\/index.php\/wp-json\/wp\/v2\/posts\/53787\/revisions\/53789"}],"wp:featuredmedia":[{"embeddable":true,"href":"https:\/\/elinformanteperu.com\/index.php\/wp-json\/wp\/v2\/media\/53788"}],"wp:attachment":[{"href":"https:\/\/elinformanteperu.com\/index.php\/wp-json\/wp\/v2\/media?parent=53787"}],"wp:term":[{"taxonomy":"category","embeddable":true,"href":"https:\/\/elinformanteperu.com\/index.php\/wp-json\/wp\/v2\/categories?post=53787"},{"taxonomy":"post_tag","embeddable":true,"href":"https:\/\/elinformanteperu.com\/index.php\/wp-json\/wp\/v2\/tags?post=53787"}],"curies":[{"name":"wp","href":"https:\/\/api.w.org\/{rel}","templated":true}]}}