{"id":53784,"date":"2019-07-26T01:16:53","date_gmt":"2019-07-26T06:16:53","guid":{"rendered":"http:\/\/elinformanteperu.com\/?p=53784"},"modified":"2019-07-26T01:16:53","modified_gmt":"2019-07-26T06:16:53","slug":"pleno-aprobo-que-congreso-interponga-demanda-de-competencia-ante-el-tc","status":"publish","type":"post","link":"https:\/\/elinformanteperu.com\/index.php\/2019\/07\/26\/pleno-aprobo-que-congreso-interponga-demanda-de-competencia-ante-el-tc\/","title":{"rendered":"Pleno aprob\u00f3 que Congreso interponga demanda de competencia ante el TC"},"content":{"rendered":"<p><strong><span style=\"color: #000000;\">El pleno del Congreso aprob\u00f3 por mayor\u00eda autorizar que el presidente de este poder del Estado interponga una acci\u00f3n competencial y su correspondiente medida cautelar ante el TC.<\/span><\/strong><\/p>\n<p><span style=\"color: #000000;\"><strong>Lima, 25 Julio 2019, (ANDINA).<\/strong>&#8211; El pleno del Congreso aprob\u00f3 por mayor\u00eda autorizar que el presidente de este poder del Estado interponga una acci\u00f3n competencial y su correspondiente medida cautelar ante el Tribunal Constitucional (TC) a fin que este \u00f3rgano esclarezca el alcance y la forma en que se ejerce a cuesti\u00f3n de confianza.<\/span><\/p>\n<p><span style=\"color: #000000;\">La acci\u00f3n busca que el TC se pronuncie sobre la cuesti\u00f3n de confianza que plante\u00f3 el presidente del Consejo de Ministros, Salvador del Solar sobre seis proyectos de reforma pol\u00edtica.<\/span><\/p>\n<p><span style=\"color: #000000;\">Durante el debate, el legislador de la bancada Contigo, Gilbert Violeta, precis\u00f3 que el recurso busca que el Tribunal Constitucional se\u00f1ale con claridad el l\u00edmite de competencias del Poder Ejecutivo en relaci\u00f3n a la formulaci\u00f3n y promulgaci\u00f3n de leyes, as\u00ed como a su observancia y \u00ablo que no puede hacer\u00bb.<\/span><\/p>\n<p><span style=\"color: #000000;\">Record\u00f3 que el pasado 3 de junio se present\u00f3 una moci\u00f3n para que el Congreso someta a votaci\u00f3n la solicitud para interponer la acci\u00f3n competencial ante el TC.<\/span><\/p>\n<p><span style=\"color: #000000;\">Legisladores como Patricia Donayre (Unidos por la Rep\u00fablica), Alberto Quintanilla (Nuevo Per\u00fa) y Humberto Morales (Frente Amplio) expresaron su desacuerdo con presentar el recurso.<\/span><\/p>\n<p><span style=\"color: #000000;\">Sin embargo, parlamentarios de Fuerza Popular, Contigo, Apra y Acci\u00f3n Republicana lo respaldaron.<\/span><\/p>\n<p><span style=\"color: #000000;\">Las bancadas de Fuerza Popular, Acci\u00f3n Popular, Acci\u00f3n Republicana y C\u00e9lula Parlamentaria Aprista solicitaron incluir en la agenda de hoy del pleno del Congreso la votaci\u00f3n de una acci\u00f3n competencial para que el Tribunal Constitucional (TC) se pronuncie sobre el alcance de la cuesti\u00f3n de confianza.<\/span><\/p>\n","protected":false},"excerpt":{"rendered":"<p>El pleno del Congreso aprob\u00f3 por mayor\u00eda autorizar que el presidente de este poder del Estado interponga una acci\u00f3n competencial y su correspondiente medida cautelar ante el TC. Lima, 25 Julio 2019, (ANDINA).&#8211; El pleno del Congreso aprob\u00f3 por mayor\u00eda autorizar que el presidente de este poder del Estado interponga una acci\u00f3n competencial y su [&hellip;]<\/p>\n","protected":false},"author":1,"featured_media":53785,"comment_status":"open","ping_status":"open","sticky":false,"template":"","format":"standard","meta":{"rop_custom_images_group":[],"rop_custom_messages_group":[],"rop_publish_now":"initial","rop_publish_now_accounts":[],"rop_publish_now_history":[],"rop_publish_now_status":"pending","footnotes":""},"categories":[5],"tags":[192,1421,1402,1401],"class_list":["post-53784","post","type-post","status-publish","format-standard","has-post-thumbnail","hentry","category-actualidad-informativa","tag-congreso","tag-poder-ejecutivo","tag-tc","tag-tribunal-constitucional"],"_links":{"self":[{"href":"https:\/\/elinformanteperu.com\/index.php\/wp-json\/wp\/v2\/posts\/53784","targetHints":{"allow":["GET"]}}],"collection":[{"href":"https:\/\/elinformanteperu.com\/index.php\/wp-json\/wp\/v2\/posts"}],"about":[{"href":"https:\/\/elinformanteperu.com\/index.php\/wp-json\/wp\/v2\/types\/post"}],"author":[{"embeddable":true,"href":"https:\/\/elinformanteperu.com\/index.php\/wp-json\/wp\/v2\/users\/1"}],"replies":[{"embeddable":true,"href":"https:\/\/elinformanteperu.com\/index.php\/wp-json\/wp\/v2\/comments?post=53784"}],"version-history":[{"count":1,"href":"https:\/\/elinformanteperu.com\/index.php\/wp-json\/wp\/v2\/posts\/53784\/revisions"}],"predecessor-version":[{"id":53786,"href":"https:\/\/elinformanteperu.com\/index.php\/wp-json\/wp\/v2\/posts\/53784\/revisions\/53786"}],"wp:featuredmedia":[{"embeddable":true,"href":"https:\/\/elinformanteperu.com\/index.php\/wp-json\/wp\/v2\/media\/53785"}],"wp:attachment":[{"href":"https:\/\/elinformanteperu.com\/index.php\/wp-json\/wp\/v2\/media?parent=53784"}],"wp:term":[{"taxonomy":"category","embeddable":true,"href":"https:\/\/elinformanteperu.com\/index.php\/wp-json\/wp\/v2\/categories?post=53784"},{"taxonomy":"post_tag","embeddable":true,"href":"https:\/\/elinformanteperu.com\/index.php\/wp-json\/wp\/v2\/tags?post=53784"}],"curies":[{"name":"wp","href":"https:\/\/api.w.org\/{rel}","templated":true}]}}