{"id":53782,"date":"2019-07-26T01:13:46","date_gmt":"2019-07-26T06:13:46","guid":{"rendered":"http:\/\/elinformanteperu.com\/?p=53782"},"modified":"2019-07-26T01:13:46","modified_gmt":"2019-07-26T06:13:46","slug":"pleno-del-congreso-aprobo-proyecto-de-paridad-y-alternancia-de-genero","status":"publish","type":"post","link":"https:\/\/elinformanteperu.com\/index.php\/2019\/07\/26\/pleno-del-congreso-aprobo-proyecto-de-paridad-y-alternancia-de-genero\/","title":{"rendered":"Pleno del Congreso aprob\u00f3 proyecto de paridad y alternancia de g\u00e9nero"},"content":{"rendered":"<p><strong><span style=\"color: #000000;\">El pleno del Congreso de la Rep\u00fablica aprob\u00f3 por mayor\u00eda el texto sustitutorio de la Comisi\u00f3n de Constituci\u00f3n y Reglamento sobre paridad y alternancia de g\u00e9nero.<\/span><\/strong><\/p>\n<p><span style=\"color: #000000;\"><strong>Lima, 25 Julio 2019, (ANDINA).-<\/strong> El pleno del Congreso de la Rep\u00fablica aprob\u00f3 por mayor\u00eda el texto sustitutorio de la Comisi\u00f3n de Constituci\u00f3n y Reglamento sobre paridad y alternancia de g\u00e9nero en las listas de candidatos a cargos de elecci\u00f3n popular.<\/span><\/p>\n<p><span style=\"color: #000000;\">Despu\u00e9s de un intenso debate, la propuesta alcanz\u00f3 106 votos a favor, tres en contra y cuatro abstenciones.<\/span><\/p>\n<p><span style=\"color: #000000;\">El dictamen sobre paridad y alternancia de g\u00e9nero est\u00e1 incluido dentro del proyectos de ley 375, 433 y otros para modificar la Ley Org\u00e1nica de Elecciones respecto al Sistema Electoral Nacional.<\/span><\/p>\n<p><span style=\"color: #000000;\">De acuerdo con el dictamen aprobado, se plantea la aplicaci\u00f3n progresiva de la participaci\u00f3n de mujeres en las elecciones generales. En los comicios del 2021, la cuota ser\u00e1 de 40%; el 2026, de 45%; y de 50% para las elecciones del 2031.<\/span><\/p>\n<p><span style=\"color: #000000;\">Tambi\u00e9n se establece la alternancia entre candidatos hombres y mujeres en las listas que postular\u00e1n las organizaciones pol\u00edticas.<\/span><\/p>\n<p><span style=\"color: #000000;\">Esta iniciativa legislativa, que modifica los art\u00edculos 21 y 116 de la Ley Org\u00e1nica de Elecciones, fue exonerada de segunda votaci\u00f3n con 88 votos.<\/span><\/p>\n<p><span style=\"color: #000000;\">La presidenta de la Comisi\u00f3n de Constituci\u00f3n y Reglamento, Rosa Bartra (Fuerza Popular) explic\u00f3 que el primero de estos art\u00edculos ratifica que la elecci\u00f3n de los congresistas se realizar\u00e1 mediante el sistema de distrito electoral m\u00faltiple mediante el sistema de representaci\u00f3n proporcional.<\/span><\/p>\n<p><span style=\"color: #000000;\">Para la elecci\u00f3n de los legisladores, el territorio de la Rep\u00fablica se divide por circunscripciones electorales, una por cada departamento y la Provincia Constitucional del Callao.<\/span><\/p>\n<p><span style=\"color: #000000;\">El Jurado Nacional de Elecciones (JNE) asigna a cada circunscripci\u00f3n un esca\u00f1o y distribuye los restantes esca\u00f1os en forma proporcional al n\u00famero de electores.<\/span><\/p>\n<p><span style=\"color: #000000;\">De otro lado, el art\u00edculo 116 modificado se refiere a las normas en la lista de candidatos al Congreso y en elecciones generales. Se dice que en las elecciones internas o elecciones primarias, los candidatos postulan de forma individual.<\/span><\/p>\n<p><span style=\"color: #000000;\">El conjunto de candidatos est\u00e1 integrado por no menos del 40% de mujeres o de hombres, ubicados en forma intercalada.<\/span><\/p>\n<p><span style=\"color: #000000;\">El resultado de las elecciones internas o primarias determina los integrantes de la lista de candidatos para la elecci\u00f3n general. La relaci\u00f3n de candidatos est\u00e1 integrada del primer al \u00faltimo lugar, seg\u00fan la votaci\u00f3n alcanzada.<\/span><\/p>\n<p><span style=\"color: #000000;\">Como disposici\u00f3n complementaria transitoria se ha establecido en el texto aprobado que en las elecciones generales de 2021 es de aplicaci\u00f3n el doble voto preferencial opcional, excepto en los distritos electorales donde se elige menos de dos congresistas. En este caso hay un solo voto preferencial opcional.<\/span><\/p>\n<p><span style=\"color: #000000;\">Se dispone que los organismos del sistema electoral y la Defensor\u00eda del Pueblo se abocar\u00e1n al an\u00e1lisis del proceso electoral y respecto de las medidas dictadas para promover la participaci\u00f3n de la mujer en la pol\u00edtica.<\/span><\/p>\n","protected":false},"excerpt":{"rendered":"<p>El pleno del Congreso de la Rep\u00fablica aprob\u00f3 por mayor\u00eda el texto sustitutorio de la Comisi\u00f3n de Constituci\u00f3n y Reglamento sobre paridad y alternancia de g\u00e9nero. Lima, 25 Julio 2019, (ANDINA).- El pleno del Congreso de la Rep\u00fablica aprob\u00f3 por mayor\u00eda el texto sustitutorio de la Comisi\u00f3n de Constituci\u00f3n y Reglamento sobre paridad y alternancia [&hellip;]<\/p>\n","protected":false},"author":1,"featured_media":46149,"comment_status":"open","ping_status":"open","sticky":false,"template":"","format":"standard","meta":{"rop_custom_images_group":[],"rop_custom_messages_group":[],"rop_publish_now":"initial","rop_publish_now_accounts":[],"rop_publish_now_history":[],"rop_publish_now_status":"pending","footnotes":""},"categories":[5],"tags":[192,1421,525],"class_list":["post-53782","post","type-post","status-publish","format-standard","has-post-thumbnail","hentry","category-actualidad-informativa","tag-congreso","tag-poder-ejecutivo","tag-rosa-bartra"],"_links":{"self":[{"href":"https:\/\/elinformanteperu.com\/index.php\/wp-json\/wp\/v2\/posts\/53782","targetHints":{"allow":["GET"]}}],"collection":[{"href":"https:\/\/elinformanteperu.com\/index.php\/wp-json\/wp\/v2\/posts"}],"about":[{"href":"https:\/\/elinformanteperu.com\/index.php\/wp-json\/wp\/v2\/types\/post"}],"author":[{"embeddable":true,"href":"https:\/\/elinformanteperu.com\/index.php\/wp-json\/wp\/v2\/users\/1"}],"replies":[{"embeddable":true,"href":"https:\/\/elinformanteperu.com\/index.php\/wp-json\/wp\/v2\/comments?post=53782"}],"version-history":[{"count":1,"href":"https:\/\/elinformanteperu.com\/index.php\/wp-json\/wp\/v2\/posts\/53782\/revisions"}],"predecessor-version":[{"id":53783,"href":"https:\/\/elinformanteperu.com\/index.php\/wp-json\/wp\/v2\/posts\/53782\/revisions\/53783"}],"wp:featuredmedia":[{"embeddable":true,"href":"https:\/\/elinformanteperu.com\/index.php\/wp-json\/wp\/v2\/media\/46149"}],"wp:attachment":[{"href":"https:\/\/elinformanteperu.com\/index.php\/wp-json\/wp\/v2\/media?parent=53782"}],"wp:term":[{"taxonomy":"category","embeddable":true,"href":"https:\/\/elinformanteperu.com\/index.php\/wp-json\/wp\/v2\/categories?post=53782"},{"taxonomy":"post_tag","embeddable":true,"href":"https:\/\/elinformanteperu.com\/index.php\/wp-json\/wp\/v2\/tags?post=53782"}],"curies":[{"name":"wp","href":"https:\/\/api.w.org\/{rel}","templated":true}]}}