{"id":5369,"date":"2017-02-01T23:39:12","date_gmt":"2017-02-02T04:39:12","guid":{"rendered":"http:\/\/elinformanteperu.com\/?p=5369"},"modified":"2017-02-01T23:39:12","modified_gmt":"2017-02-02T04:39:12","slug":"miss-peru-valeria-piazza-clasificamos-por-trabajar-con-pasion","status":"publish","type":"post","link":"https:\/\/elinformanteperu.com\/index.php\/2017\/02\/01\/miss-peru-valeria-piazza-clasificamos-por-trabajar-con-pasion\/","title":{"rendered":"Miss Per\u00fa Valeria Piazza: \u00abClasificamos por trabajar con pasi\u00f3n\u00bb"},"content":{"rendered":"<p><strong>La Miss Per\u00fa Valeria Piazza, quien logr\u00f3 clasificar entre las 13 finalistas al Miss Universo 2017, habl\u00f3 sobre su clasificaci\u00f3n en el certamen de belleza.<\/strong><\/p>\n<p><strong>Lima, 01 Febrero 2017, (ANDINA).-<\/strong> La Miss Per\u00fa Valeria Piazza, quien logr\u00f3 clasificar entre las 13 finalistas al Miss Universo 2017, habl\u00f3 sobre su clasificaci\u00f3n en el certamen de belleza y agradeci\u00f3 a la vida y a sus seguidores \u00abclasificamos por trabajar con pasi\u00f3n, fue un excelente trabajo. Los quiero mucho. Te amo Per\u00fa\u201d.<\/p>\n<p>\u201cEl Miss Universo acab\u00f3. Este a\u00f1o fue muy competitivo y cuando anunciaron que ser\u00eda un top 12 el futuro de todas era incierto. 86 pa\u00edses en competencia y m\u00e1s de un a\u00f1o de preparaci\u00f3n con los mejores coaches de cada pa\u00eds\u00bb, expres\u00f3 en su red social de Instagram, a tres d\u00edas de culminar el certamen.<\/p>\n<p>\u00abTres semanas en Manila. Los filipinos nos recibieron con mucho cari\u00f1o en cada evento que tuvimos. Los d\u00edas avanzaban, las horas de sue\u00f1o pasaron a ser de dos a tres por d\u00eda y el estr\u00e9s de cada una por estar entre las 12 era evidente\u00bb, cont\u00f3.<\/p>\n<p>\u00abTrabaj\u00e9 mucho y mi sonrisa cuando Steve Harvey anunci\u00f3 al Per\u00fa lo dice todo. Lo logramos. Clasificamos en el Miss Universo y muchas gracias por apoyarme cada d\u00eda. Gracias a mi organizaci\u00f3n por no dejarme ni un segundo sola, siempre estuvieron a mi lado\u00bb.<\/p>\n<p>\u00abQue parte de mi team (equipo) llegue a Manila fue lo que necesitaba para no bajar la guardia. Y a mi equipo en Per\u00fa tambi\u00e9n le agradezco. Y a mi familia que me iba a hacer barra a los ensayos\u00bb, concluy\u00f3.<\/p>\n<p><img fetchpriority=\"high\" decoding=\"async\" class=\"size-full wp-image-5371 aligncenter\" src=\"http:\/\/elinformanteperu.com\/wp-content\/uploads\/2017\/02\/valeria-mazza-miss-peru1.jpg\" alt=\"\" width=\"500\" height=\"336\" srcset=\"https:\/\/elinformanteperu.com\/wp-content\/uploads\/2017\/02\/valeria-mazza-miss-peru1.jpg 500w, https:\/\/elinformanteperu.com\/wp-content\/uploads\/2017\/02\/valeria-mazza-miss-peru1-300x202.jpg 300w, https:\/\/elinformanteperu.com\/wp-content\/uploads\/2017\/02\/valeria-mazza-miss-peru1-128x86.jpg 128w, https:\/\/elinformanteperu.com\/wp-content\/uploads\/2017\/02\/valeria-mazza-miss-peru1-32x22.jpg 32w\" sizes=\"(max-width: 500px) 100vw, 500px\" \/><\/p>\n","protected":false},"excerpt":{"rendered":"<p>La Miss Per\u00fa Valeria Piazza, quien logr\u00f3 clasificar entre las 13 finalistas al Miss Universo 2017, habl\u00f3 sobre su clasificaci\u00f3n en el certamen de belleza. Lima, 01 Febrero 2017, (ANDINA).- La Miss Per\u00fa Valeria Piazza, quien logr\u00f3 clasificar entre las 13 finalistas al Miss Universo 2017, habl\u00f3 sobre su clasificaci\u00f3n en el certamen de belleza [&hellip;]<\/p>\n","protected":false},"author":1,"featured_media":5370,"comment_status":"open","ping_status":"open","sticky":false,"template":"","format":"standard","meta":{"rop_custom_images_group":[],"rop_custom_messages_group":[],"rop_publish_now":"initial","rop_publish_now_accounts":[],"rop_publish_now_history":[],"rop_publish_now_status":"pending","footnotes":""},"categories":[70],"tags":[999,998],"class_list":["post-5369","post","type-post","status-publish","format-standard","has-post-thumbnail","hentry","category-farandula","tag-miss-universo-2017","tag-valeria-piazza"],"_links":{"self":[{"href":"https:\/\/elinformanteperu.com\/index.php\/wp-json\/wp\/v2\/posts\/5369","targetHints":{"allow":["GET"]}}],"collection":[{"href":"https:\/\/elinformanteperu.com\/index.php\/wp-json\/wp\/v2\/posts"}],"about":[{"href":"https:\/\/elinformanteperu.com\/index.php\/wp-json\/wp\/v2\/types\/post"}],"author":[{"embeddable":true,"href":"https:\/\/elinformanteperu.com\/index.php\/wp-json\/wp\/v2\/users\/1"}],"replies":[{"embeddable":true,"href":"https:\/\/elinformanteperu.com\/index.php\/wp-json\/wp\/v2\/comments?post=5369"}],"version-history":[{"count":1,"href":"https:\/\/elinformanteperu.com\/index.php\/wp-json\/wp\/v2\/posts\/5369\/revisions"}],"predecessor-version":[{"id":5372,"href":"https:\/\/elinformanteperu.com\/index.php\/wp-json\/wp\/v2\/posts\/5369\/revisions\/5372"}],"wp:featuredmedia":[{"embeddable":true,"href":"https:\/\/elinformanteperu.com\/index.php\/wp-json\/wp\/v2\/media\/5370"}],"wp:attachment":[{"href":"https:\/\/elinformanteperu.com\/index.php\/wp-json\/wp\/v2\/media?parent=5369"}],"wp:term":[{"taxonomy":"category","embeddable":true,"href":"https:\/\/elinformanteperu.com\/index.php\/wp-json\/wp\/v2\/categories?post=5369"},{"taxonomy":"post_tag","embeddable":true,"href":"https:\/\/elinformanteperu.com\/index.php\/wp-json\/wp\/v2\/tags?post=5369"}],"curies":[{"name":"wp","href":"https:\/\/api.w.org\/{rel}","templated":true}]}}