{"id":53633,"date":"2019-07-23T06:09:26","date_gmt":"2019-07-23T11:09:26","guid":{"rendered":"http:\/\/elinformanteperu.com\/?p=53633"},"modified":"2019-07-23T06:09:26","modified_gmt":"2019-07-23T11:09:26","slug":"presentan-mocion-para-interpelar-al-ministro-de-justicia-vicente-zeballos","status":"publish","type":"post","link":"https:\/\/elinformanteperu.com\/index.php\/2019\/07\/23\/presentan-mocion-para-interpelar-al-ministro-de-justicia-vicente-zeballos\/","title":{"rendered":"Presentan moci\u00f3n para interpelar al ministro de Justicia Vicente Zeballos"},"content":{"rendered":"<p><strong><span style=\"color: #000000;\">Congresistas de Fuerza Popular y otras bancadas presentaron una moci\u00f3n de orden del d\u00eda para interpelar al ministro de Justicia y Derechos Humanos (Minjusdh), Vicente Zeballos.<\/span><\/strong><\/p>\n<p><span style=\"color: #000000;\"><strong>Lima, 22 Julio 2019, (ANDINA).-<\/strong> Congresistas de Fuerza Popular y otras bancadas presentaron una moci\u00f3n de orden del d\u00eda para interpelar al ministro de Justicia y Derechos Humanos (Minjusdh), Vicente Zeballos, por la excarcelaci\u00f3n y posterior fuga del sicario Rub\u00e9n Moreno Olivo, alias \u2018Goro\u2019.<\/span><\/p>\n<p><span style=\"color: #000000;\">El documento precisa que Zeballos deber\u00e1 informar sobre su actuaci\u00f3n y la de funcionarios del Instituto Nacional Penitenciario (INPE), respecto a las irregularidades producidas en el sistema de registro de sentencias judiciales, que facilitaron la excarcelaci\u00f3n y subsiguiente fuga del delincuente.<\/span><\/p>\n<p><span style=\"color: #000000;\">Asimismo, se indica que el hecho evidencia grave negligencia o presuntos actos de complicidad, por parte del personal penitenciario responsable, lo cual ha implica la comisi\u00f3n de il\u00edcitos penales y ha puso en grave riesgo la seguridad p\u00fablica.<\/span><\/p>\n<p><span style=\"color: #000000;\">La moci\u00f3n de orden, que incluye un pliego interpelatorio de 12 preguntas, fue ingresada al \u00c1rea de Tr\u00e1mite Documentario a las 16.55 horas.<\/span><\/p>\n<p><span style=\"color: #000000;\">\u2018Goro\u2019, implicado en el crimen del exconsejero regional de \u00c1ncash Ezequiel Nolasco, sali\u00f3 del penal de Piedras Gordas el 13 de junio para cumplir arresto domiciliario, pese ya contaba con una sentencia de 25 a\u00f1os de c\u00e1rcel por el primer atentado contra la vida de Nolasco.<\/span><\/p>\n<p><span style=\"color: #000000;\">Seis d\u00edas despu\u00e9s de su irregular excarcelaci\u00f3n escap\u00f3, pero finalmente fue capturado el 13 julio en el distrito de Los Olivos en Lima.<\/span><\/p>\n","protected":false},"excerpt":{"rendered":"<p>Congresistas de Fuerza Popular y otras bancadas presentaron una moci\u00f3n de orden del d\u00eda para interpelar al ministro de Justicia y Derechos Humanos (Minjusdh), Vicente Zeballos. Lima, 22 Julio 2019, (ANDINA).- Congresistas de Fuerza Popular y otras bancadas presentaron una moci\u00f3n de orden del d\u00eda para interpelar al ministro de Justicia y Derechos Humanos (Minjusdh), [&hellip;]<\/p>\n","protected":false},"author":1,"featured_media":20044,"comment_status":"open","ping_status":"open","sticky":false,"template":"","format":"standard","meta":{"rop_custom_images_group":[],"rop_custom_messages_group":[],"rop_publish_now":"initial","rop_publish_now_accounts":[],"rop_publish_now_history":[],"rop_publish_now_status":"pending","footnotes":""},"categories":[5],"tags":[192,477],"class_list":["post-53633","post","type-post","status-publish","format-standard","has-post-thumbnail","hentry","category-actualidad-informativa","tag-congreso","tag-vicente-zeballos"],"_links":{"self":[{"href":"https:\/\/elinformanteperu.com\/index.php\/wp-json\/wp\/v2\/posts\/53633","targetHints":{"allow":["GET"]}}],"collection":[{"href":"https:\/\/elinformanteperu.com\/index.php\/wp-json\/wp\/v2\/posts"}],"about":[{"href":"https:\/\/elinformanteperu.com\/index.php\/wp-json\/wp\/v2\/types\/post"}],"author":[{"embeddable":true,"href":"https:\/\/elinformanteperu.com\/index.php\/wp-json\/wp\/v2\/users\/1"}],"replies":[{"embeddable":true,"href":"https:\/\/elinformanteperu.com\/index.php\/wp-json\/wp\/v2\/comments?post=53633"}],"version-history":[{"count":1,"href":"https:\/\/elinformanteperu.com\/index.php\/wp-json\/wp\/v2\/posts\/53633\/revisions"}],"predecessor-version":[{"id":53634,"href":"https:\/\/elinformanteperu.com\/index.php\/wp-json\/wp\/v2\/posts\/53633\/revisions\/53634"}],"wp:featuredmedia":[{"embeddable":true,"href":"https:\/\/elinformanteperu.com\/index.php\/wp-json\/wp\/v2\/media\/20044"}],"wp:attachment":[{"href":"https:\/\/elinformanteperu.com\/index.php\/wp-json\/wp\/v2\/media?parent=53633"}],"wp:term":[{"taxonomy":"category","embeddable":true,"href":"https:\/\/elinformanteperu.com\/index.php\/wp-json\/wp\/v2\/categories?post=53633"},{"taxonomy":"post_tag","embeddable":true,"href":"https:\/\/elinformanteperu.com\/index.php\/wp-json\/wp\/v2\/tags?post=53633"}],"curies":[{"name":"wp","href":"https:\/\/api.w.org\/{rel}","templated":true}]}}