{"id":5363,"date":"2017-02-01T23:30:10","date_gmt":"2017-02-02T04:30:10","guid":{"rendered":"http:\/\/elinformanteperu.com\/?p=5363"},"modified":"2017-02-01T23:30:10","modified_gmt":"2017-02-02T04:30:10","slug":"isabel-pantoja-por-amor-a-mi-publico-no-puedo-darme-el-lujo-de-caer","status":"publish","type":"post","link":"https:\/\/elinformanteperu.com\/index.php\/2017\/02\/01\/isabel-pantoja-por-amor-a-mi-publico-no-puedo-darme-el-lujo-de-caer\/","title":{"rendered":"Isabel Pantoja: \u00abPor amor a mi p\u00fablico no puedo darme el lujo de caer\u00bb"},"content":{"rendered":"<p><strong>Isabel Pantoja rompi\u00f3 su silencio y asegur\u00f3 que \u00abel pasado ya pas\u00f3 y hay que dejarlo all\u00ed. Ya he pasado por mucho y hoy es hora de celebrar de disfrutar con mi familia\u00bb.<\/strong><\/p>\n<p><strong>Lima, 01 Febrero 2017, (ANDINA).-<\/strong> Isabel Pantoja rompi\u00f3 su silencio y asegur\u00f3 que \u00abel pasado ya pas\u00f3 y hay que dejarlo all\u00ed. Ya he pasado por mucho y hoy es hora de celebrar de disfrutar con mi familia\u00bb.<\/p>\n<p>\u00abHoy voy a disfrutar de mis hijos, a mis nietos, que son bellos y voy a ser feliz\u00bb, dijo la artista, quien en breve estar\u00e1 en el Per\u00fa.<\/p>\n<p>La diva espa\u00f1ola brindo una de las m\u00e1s esperadas entrevistas de los \u00faltimos a\u00f1os al programa espa\u00f1ol El hormiguero, v\u00eda Antena 3.<\/p>\n<p>Uno de los momentos m\u00e1s emotivos de la entrevista fue el que se cre\u00f3 en base a su \u00faltimo disco llamado \u201cHasta que se apague el sol\u00bb compuesto por el fallecido \u201cDivo de Ju\u00e1rez\u201d Juan Gabriel especialmente para ella.<\/p>\n<p>\u00ab\u00c9l era mi compa\u00f1ero de vida, de m\u00fasica, ten\u00edamos tanta qu\u00edmica que esas letras parecen haber sido escritas por m\u00ed, llor\u00e9 mucho porque no pude despedirme de \u00e9l en vida pero siempre le hablo, conversamos mucho porque s\u00e9 que est\u00e1 all\u00ed siempre conmigo\u201d.<\/p>\n<p>\u201cLa tonadillera\u201d pudo abrirse sin miedos a temas m\u00e1s personales. Tanto es as\u00ed que uno de los grandes momentos de la velada fue la conversaci\u00f3n telef\u00f3nica que mantuvo con su hijo, Kiko Rivera, quien sorprendi\u00f3 a su madre con unas bonitas palabras: \u00abLa familia al completo te amamos\u00bb. Qu\u00e9 bien te veo, mam\u00e1. Solo quiero decirte una cosa que ya sabes, que tanto yo como la familia al completo te amamos. Te queremos. Nos sentimos s\u00faper orgullosos de ti. Que nunca se te olvide. Me encanta verte feliz\u201d.<\/p>\n<p>En el Per\u00fa la cita ser\u00e1 este uno de marzo en el Jockey Club del Per\u00fa. Las localidades est\u00e1n disponibles en Teleticket.<\/p>\n<p><iframe src=\"https:\/\/www.youtube-nocookie.com\/embed\/cxPjpp7pOqY?rel=0&amp;controls=0&amp;showinfo=0\" width=\"560\" height=\"315\" frameborder=\"0\" allowfullscreen=\"allowfullscreen\"><\/iframe><\/p>\n","protected":false},"excerpt":{"rendered":"<p>Isabel Pantoja rompi\u00f3 su silencio y asegur\u00f3 que \u00abel pasado ya pas\u00f3 y hay que dejarlo all\u00ed. Ya he pasado por mucho y hoy es hora de celebrar de disfrutar con mi familia\u00bb. Lima, 01 Febrero 2017, (ANDINA).- Isabel Pantoja rompi\u00f3 su silencio y asegur\u00f3 que \u00abel pasado ya pas\u00f3 y hay que dejarlo all\u00ed. [&hellip;]<\/p>\n","protected":false},"author":1,"featured_media":5364,"comment_status":"open","ping_status":"open","sticky":false,"template":"","format":"standard","meta":{"rop_custom_images_group":[],"rop_custom_messages_group":[],"rop_publish_now":"initial","rop_publish_now_accounts":[],"rop_publish_now_history":[],"rop_publish_now_status":"pending","footnotes":""},"categories":[69],"tags":[99],"class_list":["post-5363","post","type-post","status-publish","format-standard","has-post-thumbnail","hentry","category-musica","tag-isabel-pantoja"],"_links":{"self":[{"href":"https:\/\/elinformanteperu.com\/index.php\/wp-json\/wp\/v2\/posts\/5363","targetHints":{"allow":["GET"]}}],"collection":[{"href":"https:\/\/elinformanteperu.com\/index.php\/wp-json\/wp\/v2\/posts"}],"about":[{"href":"https:\/\/elinformanteperu.com\/index.php\/wp-json\/wp\/v2\/types\/post"}],"author":[{"embeddable":true,"href":"https:\/\/elinformanteperu.com\/index.php\/wp-json\/wp\/v2\/users\/1"}],"replies":[{"embeddable":true,"href":"https:\/\/elinformanteperu.com\/index.php\/wp-json\/wp\/v2\/comments?post=5363"}],"version-history":[{"count":1,"href":"https:\/\/elinformanteperu.com\/index.php\/wp-json\/wp\/v2\/posts\/5363\/revisions"}],"predecessor-version":[{"id":5365,"href":"https:\/\/elinformanteperu.com\/index.php\/wp-json\/wp\/v2\/posts\/5363\/revisions\/5365"}],"wp:featuredmedia":[{"embeddable":true,"href":"https:\/\/elinformanteperu.com\/index.php\/wp-json\/wp\/v2\/media\/5364"}],"wp:attachment":[{"href":"https:\/\/elinformanteperu.com\/index.php\/wp-json\/wp\/v2\/media?parent=5363"}],"wp:term":[{"taxonomy":"category","embeddable":true,"href":"https:\/\/elinformanteperu.com\/index.php\/wp-json\/wp\/v2\/categories?post=5363"},{"taxonomy":"post_tag","embeddable":true,"href":"https:\/\/elinformanteperu.com\/index.php\/wp-json\/wp\/v2\/tags?post=5363"}],"curies":[{"name":"wp","href":"https:\/\/api.w.org\/{rel}","templated":true}]}}