{"id":53624,"date":"2019-07-23T00:55:26","date_gmt":"2019-07-23T05:55:26","guid":{"rendered":"http:\/\/elinformanteperu.com\/?p=53624"},"modified":"2019-07-23T00:55:26","modified_gmt":"2019-07-23T05:55:26","slug":"pleno-del-congreso-rechazo-pedido-para-reincorporar-a-kenji-fujimori","status":"publish","type":"post","link":"https:\/\/elinformanteperu.com\/index.php\/2019\/07\/23\/pleno-del-congreso-rechazo-pedido-para-reincorporar-a-kenji-fujimori\/","title":{"rendered":"Pleno del Congreso rechaz\u00f3 pedido para reincorporar a Kenji Fujimori"},"content":{"rendered":"<p><strong><span style=\"color: #000000;\">El pleno del Congreso de la Rep\u00fablica rechaz\u00f3 la reincorporaci\u00f3n de pedido para reincorporar a los legisladores Kenji Fujimori, Guillermo Boc\u00e1ngel y Bienvenido Ram\u00edrez.<\/span><\/strong><\/p>\n<p><span style=\"color: #000000;\"><strong>Lima, 22 Julio 2019, (ANDINA).-<\/strong> El pleno del Congreso de la Rep\u00fablica rechaz\u00f3 la reincorporaci\u00f3n de pedido para reincorporar a los legisladores Kenji Fujimori, Guillermo Boc\u00e1ngel y Bienvenido Ram\u00edrez, suspendidos desde junio del 2018.<\/span><\/p>\n<p><span style=\"color: #000000;\">La solicitud presentada por la bancada Cambio 21, conformada por exlegisladores de Fuerza Popular, obtuvo 39 votos a favor, 42 en contra y cuatro abstenciones.<\/span><\/p>\n<p><span style=\"color: #000000;\">En junio del a\u00f1o pasado, el pleno aprob\u00f3 suspender en el ejercicio de sus funciones a Fujimori, Boc\u00e1ngel y Ram\u00edrez mientras duraba el proceso penal por presuntamente haber negociado votos en contra de las mociones de vacancia del expresidente Pedro Pablo Kuczynski.<\/span><\/p>\n<p><span style=\"color: #000000;\">La acusaci\u00f3n contra los parlamentarios se sustent\u00f3 en las grabaciones del congresista de Fuerza Popular, Mois\u00e9s Mamani, conocidas como los \u00abMamani videos\u00bb.<\/span><\/p>\n<p><span style=\"color: #000000;\">La investigaci\u00f3n a los exparlamentarios est\u00e1 a cargo del fiscal Manuel Jes\u00fas Fern\u00e1ndez, quien hasta el momento no ha formulado acusaci\u00f3n contra ellos. Por ello, la defensa legal de los congresistas est\u00e1 solicitando que el magistrado presente su informe.<\/span><\/p>\n","protected":false},"excerpt":{"rendered":"<p>El pleno del Congreso de la Rep\u00fablica rechaz\u00f3 la reincorporaci\u00f3n de pedido para reincorporar a los legisladores Kenji Fujimori, Guillermo Boc\u00e1ngel y Bienvenido Ram\u00edrez. Lima, 22 Julio 2019, (ANDINA).- El pleno del Congreso de la Rep\u00fablica rechaz\u00f3 la reincorporaci\u00f3n de pedido para reincorporar a los legisladores Kenji Fujimori, Guillermo Boc\u00e1ngel y Bienvenido Ram\u00edrez, suspendidos desde [&hellip;]<\/p>\n","protected":false},"author":1,"featured_media":28130,"comment_status":"open","ping_status":"open","sticky":false,"template":"","format":"standard","meta":{"rop_custom_images_group":[],"rop_custom_messages_group":[],"rop_publish_now":"initial","rop_publish_now_accounts":[],"rop_publish_now_history":[],"rop_publish_now_status":"pending","footnotes":""},"categories":[5],"tags":[1336,192,2948,557],"class_list":["post-53624","post","type-post","status-publish","format-standard","has-post-thumbnail","hentry","category-actualidad-informativa","tag-bienvenido-ramirez","tag-congreso","tag-guillermo-bocangel","tag-keiko-fujimori"],"_links":{"self":[{"href":"https:\/\/elinformanteperu.com\/index.php\/wp-json\/wp\/v2\/posts\/53624","targetHints":{"allow":["GET"]}}],"collection":[{"href":"https:\/\/elinformanteperu.com\/index.php\/wp-json\/wp\/v2\/posts"}],"about":[{"href":"https:\/\/elinformanteperu.com\/index.php\/wp-json\/wp\/v2\/types\/post"}],"author":[{"embeddable":true,"href":"https:\/\/elinformanteperu.com\/index.php\/wp-json\/wp\/v2\/users\/1"}],"replies":[{"embeddable":true,"href":"https:\/\/elinformanteperu.com\/index.php\/wp-json\/wp\/v2\/comments?post=53624"}],"version-history":[{"count":1,"href":"https:\/\/elinformanteperu.com\/index.php\/wp-json\/wp\/v2\/posts\/53624\/revisions"}],"predecessor-version":[{"id":53625,"href":"https:\/\/elinformanteperu.com\/index.php\/wp-json\/wp\/v2\/posts\/53624\/revisions\/53625"}],"wp:featuredmedia":[{"embeddable":true,"href":"https:\/\/elinformanteperu.com\/index.php\/wp-json\/wp\/v2\/media\/28130"}],"wp:attachment":[{"href":"https:\/\/elinformanteperu.com\/index.php\/wp-json\/wp\/v2\/media?parent=53624"}],"wp:term":[{"taxonomy":"category","embeddable":true,"href":"https:\/\/elinformanteperu.com\/index.php\/wp-json\/wp\/v2\/categories?post=53624"},{"taxonomy":"post_tag","embeddable":true,"href":"https:\/\/elinformanteperu.com\/index.php\/wp-json\/wp\/v2\/tags?post=53624"}],"curies":[{"name":"wp","href":"https:\/\/api.w.org\/{rel}","templated":true}]}}