{"id":53622,"date":"2019-07-23T00:53:02","date_gmt":"2019-07-23T05:53:02","guid":{"rendered":"http:\/\/elinformanteperu.com\/?p=53622"},"modified":"2019-07-23T00:53:02","modified_gmt":"2019-07-23T05:53:02","slug":"presentan-mocion-de-censura-contra-daniel-salaverry","status":"publish","type":"post","link":"https:\/\/elinformanteperu.com\/index.php\/2019\/07\/23\/presentan-mocion-de-censura-contra-daniel-salaverry\/","title":{"rendered":"Presentan moci\u00f3n de censura contra Daniel Salaverry"},"content":{"rendered":"<p><strong><span style=\"color: #000000;\">A las 16.20 horas de hoy, ingres\u00f3 al \u00c1rea de Tr\u00e1mite Documentario del Congreso de la Rep\u00fablica, una moci\u00f3n de censura contra el presidente del Parlamento, Daniel Salaverry.<\/span><\/strong><\/p>\n<p><span style=\"color: #000000;\"><strong>Lima, 22 Julio 2019, (ANDINA).-<\/strong> A las 16.20 horas de hoy, ingres\u00f3 al \u00c1rea de Tr\u00e1mite Documentario del Congreso de la Rep\u00fablica, una moci\u00f3n de censura contra el presidente de este poder del Estado, Daniel Salaverry.<\/span><\/p>\n<p><span style=\"color: #000000;\">La moci\u00f3n de orden del d\u00eda, impulsada por el legislador no agrupado Gilbert Violeta, lleva la firma de legisladores de Fuerza Popular, Apra, Acci\u00f3n Republicana y otros.<\/span><\/p>\n<p><span style=\"color: #000000;\">El documento se\u00f1ala que Salaverry \u00abviene imponiendo\u00bb una forma autoritaria y solitaria en la conducci\u00f3n del Parlamento con el objetivo de reelegirse en el cargo mediante \u00abla d\u00e1diva y el favor pol\u00edtico\u00bb.<\/span><\/p>\n<p><span style=\"color: #000000;\">Asimismo, se indica que el titular del Legislativo no convoca a sesi\u00f3n \u00abhace meses\u00bb a los \u00f3rganos directivos del Congreso como la Junta de Portavoces, el Consejo Directivo y la propia Mesa Directiva.<\/span><\/p>\n<p><span style=\"color: #000000;\">La moci\u00f3n de censura, que fue suscrita por al menos 40 parlamentarios, tendr\u00eda que ponerse a votaci\u00f3n del pleno del Parlamento, que reanud\u00f3 la sesi\u00f3n hace unos minutos.<\/span><\/p>\n","protected":false},"excerpt":{"rendered":"<p>A las 16.20 horas de hoy, ingres\u00f3 al \u00c1rea de Tr\u00e1mite Documentario del Congreso de la Rep\u00fablica, una moci\u00f3n de censura contra el presidente del Parlamento, Daniel Salaverry. Lima, 22 Julio 2019, (ANDINA).- A las 16.20 horas de hoy, ingres\u00f3 al \u00c1rea de Tr\u00e1mite Documentario del Congreso de la Rep\u00fablica, una moci\u00f3n de censura contra [&hellip;]<\/p>\n","protected":false},"author":1,"featured_media":50440,"comment_status":"open","ping_status":"open","sticky":false,"template":"","format":"standard","meta":{"rop_custom_images_group":[],"rop_custom_messages_group":[],"rop_publish_now":"initial","rop_publish_now_accounts":[],"rop_publish_now_history":[],"rop_publish_now_status":"pending","footnotes":""},"categories":[5],"tags":[192,858],"class_list":["post-53622","post","type-post","status-publish","format-standard","has-post-thumbnail","hentry","category-actualidad-informativa","tag-congreso","tag-daniel-salaverry"],"_links":{"self":[{"href":"https:\/\/elinformanteperu.com\/index.php\/wp-json\/wp\/v2\/posts\/53622","targetHints":{"allow":["GET"]}}],"collection":[{"href":"https:\/\/elinformanteperu.com\/index.php\/wp-json\/wp\/v2\/posts"}],"about":[{"href":"https:\/\/elinformanteperu.com\/index.php\/wp-json\/wp\/v2\/types\/post"}],"author":[{"embeddable":true,"href":"https:\/\/elinformanteperu.com\/index.php\/wp-json\/wp\/v2\/users\/1"}],"replies":[{"embeddable":true,"href":"https:\/\/elinformanteperu.com\/index.php\/wp-json\/wp\/v2\/comments?post=53622"}],"version-history":[{"count":1,"href":"https:\/\/elinformanteperu.com\/index.php\/wp-json\/wp\/v2\/posts\/53622\/revisions"}],"predecessor-version":[{"id":53623,"href":"https:\/\/elinformanteperu.com\/index.php\/wp-json\/wp\/v2\/posts\/53622\/revisions\/53623"}],"wp:featuredmedia":[{"embeddable":true,"href":"https:\/\/elinformanteperu.com\/index.php\/wp-json\/wp\/v2\/media\/50440"}],"wp:attachment":[{"href":"https:\/\/elinformanteperu.com\/index.php\/wp-json\/wp\/v2\/media?parent=53622"}],"wp:term":[{"taxonomy":"category","embeddable":true,"href":"https:\/\/elinformanteperu.com\/index.php\/wp-json\/wp\/v2\/categories?post=53622"},{"taxonomy":"post_tag","embeddable":true,"href":"https:\/\/elinformanteperu.com\/index.php\/wp-json\/wp\/v2\/tags?post=53622"}],"curies":[{"name":"wp","href":"https:\/\/api.w.org\/{rel}","templated":true}]}}