{"id":53619,"date":"2019-07-23T00:51:19","date_gmt":"2019-07-23T05:51:19","guid":{"rendered":"http:\/\/elinformanteperu.com\/?p=53619"},"modified":"2019-07-23T00:51:19","modified_gmt":"2019-07-23T05:51:19","slug":"convocan-a-eleccion-de-mesa-directiva-para-este-jueves-a-las-10-00-horas","status":"publish","type":"post","link":"https:\/\/elinformanteperu.com\/index.php\/2019\/07\/23\/convocan-a-eleccion-de-mesa-directiva-para-este-jueves-a-las-10-00-horas\/","title":{"rendered":"Convocan a elecci\u00f3n de Mesa Directiva para este jueves a las 10.00 horas"},"content":{"rendered":"<p><strong><span style=\"color: #000000;\">El presidente del Congreso, Daniel Salaverry, convoc\u00f3 a elecci\u00f3n de la Mesa Directiva para el per\u00edodo anual de sesiones 2019-2020 para este jueves 25 de julio.<\/span><\/strong><\/p>\n<p><span style=\"color: #000000;\"><strong>Lima, 22 Julio 2019, (ANDINA).-<\/strong> El presidente del Congreso, Daniel Salaverry, convoc\u00f3 a elecci\u00f3n de la Mesa Directiva para el per\u00edodo anual de sesiones 2019-2020 para este jueves 25 de julio a las 10:00 horas.<\/span><\/p>\n<p><span style=\"color: #000000;\">El decreto de convocatoria precisa que los congresistas o los grupos parlamentarios debidamente constituidos presentar\u00e1n sus propuestas de candidatos ante la Oficial\u00eda Mayor del Congreso hasta el mi\u00e9rcoles 24 de julio a las 10.00 horas.<\/span><\/p>\n<p><span style=\"color: #000000;\">Las listas a presentarse deben considerar los cargos de presidente y tres vicepresidentes del Congreso de la Rep\u00fablica, conforme a lo establecido en el Reglamento del Legislativo.<\/span><\/p>\n<p><span style=\"color: #000000;\">La elecci\u00f3n de la Mesa Directiva usualmente se celebraba los 26 de julio de cada a\u00f1o; sin embargo, el titular del Congreso decidi\u00f3 adelantar el sufragio por la inauguraci\u00f3n de los Juegos Panamericanos y Paraparamericanos Lima 2019 a efectuarse este viernes.<\/span><\/p>\n","protected":false},"excerpt":{"rendered":"<p>El presidente del Congreso, Daniel Salaverry, convoc\u00f3 a elecci\u00f3n de la Mesa Directiva para el per\u00edodo anual de sesiones 2019-2020 para este jueves 25 de julio. Lima, 22 Julio 2019, (ANDINA).- El presidente del Congreso, Daniel Salaverry, convoc\u00f3 a elecci\u00f3n de la Mesa Directiva para el per\u00edodo anual de sesiones 2019-2020 para este jueves 25 [&hellip;]<\/p>\n","protected":false},"author":1,"featured_media":53620,"comment_status":"open","ping_status":"open","sticky":false,"template":"","format":"standard","meta":{"rop_custom_images_group":[],"rop_custom_messages_group":[],"rop_publish_now":"initial","rop_publish_now_accounts":[],"rop_publish_now_history":[],"rop_publish_now_status":"pending","footnotes":""},"categories":[5],"tags":[192,858],"class_list":["post-53619","post","type-post","status-publish","format-standard","has-post-thumbnail","hentry","category-actualidad-informativa","tag-congreso","tag-daniel-salaverry"],"_links":{"self":[{"href":"https:\/\/elinformanteperu.com\/index.php\/wp-json\/wp\/v2\/posts\/53619","targetHints":{"allow":["GET"]}}],"collection":[{"href":"https:\/\/elinformanteperu.com\/index.php\/wp-json\/wp\/v2\/posts"}],"about":[{"href":"https:\/\/elinformanteperu.com\/index.php\/wp-json\/wp\/v2\/types\/post"}],"author":[{"embeddable":true,"href":"https:\/\/elinformanteperu.com\/index.php\/wp-json\/wp\/v2\/users\/1"}],"replies":[{"embeddable":true,"href":"https:\/\/elinformanteperu.com\/index.php\/wp-json\/wp\/v2\/comments?post=53619"}],"version-history":[{"count":1,"href":"https:\/\/elinformanteperu.com\/index.php\/wp-json\/wp\/v2\/posts\/53619\/revisions"}],"predecessor-version":[{"id":53621,"href":"https:\/\/elinformanteperu.com\/index.php\/wp-json\/wp\/v2\/posts\/53619\/revisions\/53621"}],"wp:featuredmedia":[{"embeddable":true,"href":"https:\/\/elinformanteperu.com\/index.php\/wp-json\/wp\/v2\/media\/53620"}],"wp:attachment":[{"href":"https:\/\/elinformanteperu.com\/index.php\/wp-json\/wp\/v2\/media?parent=53619"}],"wp:term":[{"taxonomy":"category","embeddable":true,"href":"https:\/\/elinformanteperu.com\/index.php\/wp-json\/wp\/v2\/categories?post=53619"},{"taxonomy":"post_tag","embeddable":true,"href":"https:\/\/elinformanteperu.com\/index.php\/wp-json\/wp\/v2\/tags?post=53619"}],"curies":[{"name":"wp","href":"https:\/\/api.w.org\/{rel}","templated":true}]}}