{"id":53482,"date":"2019-07-20T02:34:34","date_gmt":"2019-07-20T07:34:34","guid":{"rendered":"http:\/\/elinformanteperu.com\/?p=53482"},"modified":"2019-07-20T02:34:34","modified_gmt":"2019-07-20T07:34:34","slug":"moises-mamani-guardo-silencio-en-diligencia-fiscal-por-lavado-de-activos","status":"publish","type":"post","link":"https:\/\/elinformanteperu.com\/index.php\/2019\/07\/20\/moises-mamani-guardo-silencio-en-diligencia-fiscal-por-lavado-de-activos\/","title":{"rendered":"Mois\u00e9s Mamani guard\u00f3 silencio en diligencia fiscal por lavado de activos"},"content":{"rendered":"<p><strong><span style=\"color: #000000;\">El congresista de Fuerza Popular Mois\u00e9s Mamani opt\u00f3 por guardar silencio en la diligencia llevada a cabo por la Fiscal\u00eda.<\/span><\/strong><\/p>\n<p><span style=\"color: #000000;\"><strong>Lima, 19 Julio 2019, (ANDINA).-<\/strong> El congresista de Fuerza Popular Mois\u00e9s Mamani Colquehuanca opt\u00f3 por guardar silencio en la diligencia llevada a cabo por la Fiscal\u00eda, en el marco de la indagaci\u00f3n en su contra por el delito de lavado de activos.<\/span><\/p>\n<p><span style=\"color: #000000;\">Seg\u00fan informa el Ministerio P\u00fablico en su cuenta de Twitter, el legislador fujimorista asisti\u00f3 a la citaci\u00f3n de la Fiscal\u00eda Provincial Especializada en Delitos de Lavado de Activos, en su sede de Juliaca.<\/span><\/p>\n<p><span style=\"color: #000000;\">La diligencia es parte de la investigaci\u00f3n por la presunta comisi\u00f3n del delito de lavado de activos que compromete a Mamani y a 20 sospechosos en Lima, San Mart\u00edn y otras ciudades, la cual est\u00e1 a cargo de la fiscal Sandra Huayta Vilca Paz.<\/span><\/p>\n","protected":false},"excerpt":{"rendered":"<p>El congresista de Fuerza Popular Mois\u00e9s Mamani opt\u00f3 por guardar silencio en la diligencia llevada a cabo por la Fiscal\u00eda. Lima, 19 Julio 2019, (ANDINA).- El congresista de Fuerza Popular Mois\u00e9s Mamani Colquehuanca opt\u00f3 por guardar silencio en la diligencia llevada a cabo por la Fiscal\u00eda, en el marco de la indagaci\u00f3n en su contra [&hellip;]<\/p>\n","protected":false},"author":1,"featured_media":46356,"comment_status":"open","ping_status":"open","sticky":false,"template":"","format":"standard","meta":{"rop_custom_images_group":[],"rop_custom_messages_group":[],"rop_publish_now":"initial","rop_publish_now_accounts":[],"rop_publish_now_history":[],"rop_publish_now_status":"pending","footnotes":""},"categories":[5],"tags":[192,2929,163],"class_list":["post-53482","post","type-post","status-publish","format-standard","has-post-thumbnail","hentry","category-actualidad-informativa","tag-congreso","tag-moises-mamani","tag-poder-judicial"],"_links":{"self":[{"href":"https:\/\/elinformanteperu.com\/index.php\/wp-json\/wp\/v2\/posts\/53482","targetHints":{"allow":["GET"]}}],"collection":[{"href":"https:\/\/elinformanteperu.com\/index.php\/wp-json\/wp\/v2\/posts"}],"about":[{"href":"https:\/\/elinformanteperu.com\/index.php\/wp-json\/wp\/v2\/types\/post"}],"author":[{"embeddable":true,"href":"https:\/\/elinformanteperu.com\/index.php\/wp-json\/wp\/v2\/users\/1"}],"replies":[{"embeddable":true,"href":"https:\/\/elinformanteperu.com\/index.php\/wp-json\/wp\/v2\/comments?post=53482"}],"version-history":[{"count":1,"href":"https:\/\/elinformanteperu.com\/index.php\/wp-json\/wp\/v2\/posts\/53482\/revisions"}],"predecessor-version":[{"id":53483,"href":"https:\/\/elinformanteperu.com\/index.php\/wp-json\/wp\/v2\/posts\/53482\/revisions\/53483"}],"wp:featuredmedia":[{"embeddable":true,"href":"https:\/\/elinformanteperu.com\/index.php\/wp-json\/wp\/v2\/media\/46356"}],"wp:attachment":[{"href":"https:\/\/elinformanteperu.com\/index.php\/wp-json\/wp\/v2\/media?parent=53482"}],"wp:term":[{"taxonomy":"category","embeddable":true,"href":"https:\/\/elinformanteperu.com\/index.php\/wp-json\/wp\/v2\/categories?post=53482"},{"taxonomy":"post_tag","embeddable":true,"href":"https:\/\/elinformanteperu.com\/index.php\/wp-json\/wp\/v2\/tags?post=53482"}],"curies":[{"name":"wp","href":"https:\/\/api.w.org\/{rel}","templated":true}]}}