{"id":53479,"date":"2019-07-20T02:33:19","date_gmt":"2019-07-20T07:33:19","guid":{"rendered":"http:\/\/elinformanteperu.com\/?p=53479"},"modified":"2019-07-20T02:33:19","modified_gmt":"2019-07-20T07:33:19","slug":"capturan-a-exjuez-involucrado-en-caso-los-cuellos-blancos-del-puerto","status":"publish","type":"post","link":"https:\/\/elinformanteperu.com\/index.php\/2019\/07\/20\/capturan-a-exjuez-involucrado-en-caso-los-cuellos-blancos-del-puerto\/","title":{"rendered":"Capturan a exjuez involucrado en caso los Cuellos Blancos del Puerto"},"content":{"rendered":"<p><strong><span style=\"color: #000000;\">El exjuez supernumerario del Callao, Carlos Humberto Chirinos Cumpa, vinculado a la organizaci\u00f3n criminal los Cuellos Blancos del Puerto, fue detenido en San Mart\u00edn de Porres.<\/span><\/strong><\/p>\n<p><span style=\"color: #000000;\"><strong>Lima, 19 Julio 2019, (ANDINA).-<\/strong> El exjuez supernumerario del Callao, Carlos Humberto Chirinos Cumpa, vinculado a la organizaci\u00f3n criminal los Cuellos Blancos del Puerto, fue detenido esta ma\u00f1ana en su vivienda ubicada en San Mart\u00edn de Porres.<\/span><\/p>\n<p><span style=\"color: #000000;\">La detenci\u00f3n se llev\u00f3 a cabo en el marco del allanamiento de la vivienda de Chirinos, a cargo de la primera Fiscal\u00eda Suprema Especializada en delitos cometidos por Funcionarios P\u00fablicos, que dirige el fiscal supremo, Jes\u00fas Fern\u00e1ndez Alarc\u00f3n.<\/span><\/p>\n<p><span style=\"color: #000000;\">Seg\u00fan inform\u00f3 el Ministerio P\u00fablico en su cuenta de Twitter, una vez realizada la detenci\u00f3n, se incautaron equipos electr\u00f3nicos e inform\u00e1ticos de inter\u00e9s para la investigaci\u00f3n del caso de los Cuellos Blancos del Puerto, en el cual el exmagistrado est\u00e1 sindicado como involucrado.<\/span><\/p>\n<p><span style=\"color: #000000;\">El pasado 20 de febrero el titular del referido \u00f3rgano jurisdiccional, Hugo N\u00fa\u00f1ez Julca, dict\u00f3 36 meses de prisi\u00f3n preventiva en contra de Chirinos junto a otros jueces del Callao.<\/span><\/p>\n<p><span style=\"color: #000000;\">Seg\u00fan el Ministerio P\u00fablico, la detenci\u00f3n tuvo lugar luego de un paciente trabajo de seguimiento e informes de la Divisi\u00f3n de Investigaci\u00f3n de Delitos de Alta Complejidad (Diviac) de la Polic\u00eda Nacional.<\/span><\/p>\n","protected":false},"excerpt":{"rendered":"<p>El exjuez supernumerario del Callao, Carlos Humberto Chirinos Cumpa, vinculado a la organizaci\u00f3n criminal los Cuellos Blancos del Puerto, fue detenido en San Mart\u00edn de Porres. Lima, 19 Julio 2019, (ANDINA).- El exjuez supernumerario del Callao, Carlos Humberto Chirinos Cumpa, vinculado a la organizaci\u00f3n criminal los Cuellos Blancos del Puerto, fue detenido esta ma\u00f1ana en [&hellip;]<\/p>\n","protected":false},"author":1,"featured_media":53480,"comment_status":"open","ping_status":"open","sticky":false,"template":"","format":"standard","meta":{"rop_custom_images_group":[],"rop_custom_messages_group":[],"rop_publish_now":"initial","rop_publish_now_accounts":[],"rop_publish_now_history":[],"rop_publish_now_status":"pending","footnotes":""},"categories":[5],"tags":[4665,3490],"class_list":["post-53479","post","type-post","status-publish","format-standard","has-post-thumbnail","hentry","category-actualidad-informativa","tag-carlos-humberto-chirinos-cumpa","tag-los-cuellos-blancos-del-puerto"],"_links":{"self":[{"href":"https:\/\/elinformanteperu.com\/index.php\/wp-json\/wp\/v2\/posts\/53479","targetHints":{"allow":["GET"]}}],"collection":[{"href":"https:\/\/elinformanteperu.com\/index.php\/wp-json\/wp\/v2\/posts"}],"about":[{"href":"https:\/\/elinformanteperu.com\/index.php\/wp-json\/wp\/v2\/types\/post"}],"author":[{"embeddable":true,"href":"https:\/\/elinformanteperu.com\/index.php\/wp-json\/wp\/v2\/users\/1"}],"replies":[{"embeddable":true,"href":"https:\/\/elinformanteperu.com\/index.php\/wp-json\/wp\/v2\/comments?post=53479"}],"version-history":[{"count":1,"href":"https:\/\/elinformanteperu.com\/index.php\/wp-json\/wp\/v2\/posts\/53479\/revisions"}],"predecessor-version":[{"id":53481,"href":"https:\/\/elinformanteperu.com\/index.php\/wp-json\/wp\/v2\/posts\/53479\/revisions\/53481"}],"wp:featuredmedia":[{"embeddable":true,"href":"https:\/\/elinformanteperu.com\/index.php\/wp-json\/wp\/v2\/media\/53480"}],"wp:attachment":[{"href":"https:\/\/elinformanteperu.com\/index.php\/wp-json\/wp\/v2\/media?parent=53479"}],"wp:term":[{"taxonomy":"category","embeddable":true,"href":"https:\/\/elinformanteperu.com\/index.php\/wp-json\/wp\/v2\/categories?post=53479"},{"taxonomy":"post_tag","embeddable":true,"href":"https:\/\/elinformanteperu.com\/index.php\/wp-json\/wp\/v2\/tags?post=53479"}],"curies":[{"name":"wp","href":"https:\/\/api.w.org\/{rel}","templated":true}]}}