{"id":53477,"date":"2019-07-20T02:29:16","date_gmt":"2019-07-20T07:29:16","guid":{"rendered":"http:\/\/elinformanteperu.com\/?p=53477"},"modified":"2019-07-20T02:29:16","modified_gmt":"2019-07-20T07:29:16","slug":"procurador-ramirez-viajara-a-brasil-para-interrogar-a-exgerente-de-oas","status":"publish","type":"post","link":"https:\/\/elinformanteperu.com\/index.php\/2019\/07\/20\/procurador-ramirez-viajara-a-brasil-para-interrogar-a-exgerente-de-oas\/","title":{"rendered":"Procurador Ram\u00edrez viajar\u00e1 a Brasil para interrogar a exgerente de OAS"},"content":{"rendered":"<p><strong><span style=\"color: #000000;\">El procurador p\u00fablico ad hoc para el caso Odebrecht, Jorge Miguel Ram\u00edrez, viajar\u00e1 a Brasil para interrogar al exgerente general de OAS en Per\u00fa, Valfredo de Assis Ribeiro.<\/span><\/strong><\/p>\n<p><span style=\"color: #000000;\"><strong>Lima, 19 Julio 2019, (ANDINA).-<\/strong> El procurador p\u00fablico ad hoc para el caso Odebrecht, Jorge Miguel Ram\u00edrez, viajar\u00e1 a Brasil para interrogar al exgerente general de OAS en Per\u00fa, Valfredo de Assis Ribeiro, este 23 de julio, en el marco de las investigaciones efectuadas contra la empresa brasile\u00f1a.<\/span><\/p>\n<p><span style=\"color: #000000;\">Seg\u00fan la resoluci\u00f3n ministerial publicada en Normas Legales, el procurador participar\u00e1 junto a sus hom\u00f3logos brasile\u00f1os en la diligencia programada para las 14:00 horas en la Procuradur\u00eda de Bah\u00eda, en Brasil.<\/span><\/p>\n<p><span style=\"color: #000000;\">Jorge Ram\u00edrez tendr\u00e1 quince d\u00edas calendarios posteriores a la declaraci\u00f3n testimonial del se\u00f1or Valfredo de Assis para presentar un informe dando cuenta de las acciones realizadas y los resultados obtenidos, establece dispositivo legal.<\/span><\/p>\n<p><span style=\"color: #000000;\">La autorizaci\u00f3n del viaje a Salvador de Bah\u00eda del procurador Ram\u00edrez ha sido firmada por el Ministro de Justicia, Vicente Zeballos Salinas y su regreso est\u00e1 programado para el d\u00eda 25 de julio.<\/span><\/p>\n<p><span style=\"color: #000000;\">Cabe recordar que el caso Odebrecht involucra a gran cantidad de funcionarios p\u00fablicos en Latinoam\u00e9rica en casos de corrupci\u00f3n por medio de concesiones.<\/span><\/p>\n","protected":false},"excerpt":{"rendered":"<p>El procurador p\u00fablico ad hoc para el caso Odebrecht, Jorge Miguel Ram\u00edrez, viajar\u00e1 a Brasil para interrogar al exgerente general de OAS en Per\u00fa, Valfredo de Assis Ribeiro. Lima, 19 Julio 2019, (ANDINA).- El procurador p\u00fablico ad hoc para el caso Odebrecht, Jorge Miguel Ram\u00edrez, viajar\u00e1 a Brasil para interrogar al exgerente general de OAS [&hellip;]<\/p>\n","protected":false},"author":1,"featured_media":39493,"comment_status":"open","ping_status":"open","sticky":false,"template":"","format":"standard","meta":{"rop_custom_images_group":[],"rop_custom_messages_group":[],"rop_publish_now":"initial","rop_publish_now_accounts":[],"rop_publish_now_history":[],"rop_publish_now_status":"pending","footnotes":""},"categories":[5],"tags":[3927,2132,619],"class_list":["post-53477","post","type-post","status-publish","format-standard","has-post-thumbnail","hentry","category-actualidad-informativa","tag-jorge-ramirez","tag-oas","tag-odebrecht"],"_links":{"self":[{"href":"https:\/\/elinformanteperu.com\/index.php\/wp-json\/wp\/v2\/posts\/53477","targetHints":{"allow":["GET"]}}],"collection":[{"href":"https:\/\/elinformanteperu.com\/index.php\/wp-json\/wp\/v2\/posts"}],"about":[{"href":"https:\/\/elinformanteperu.com\/index.php\/wp-json\/wp\/v2\/types\/post"}],"author":[{"embeddable":true,"href":"https:\/\/elinformanteperu.com\/index.php\/wp-json\/wp\/v2\/users\/1"}],"replies":[{"embeddable":true,"href":"https:\/\/elinformanteperu.com\/index.php\/wp-json\/wp\/v2\/comments?post=53477"}],"version-history":[{"count":1,"href":"https:\/\/elinformanteperu.com\/index.php\/wp-json\/wp\/v2\/posts\/53477\/revisions"}],"predecessor-version":[{"id":53478,"href":"https:\/\/elinformanteperu.com\/index.php\/wp-json\/wp\/v2\/posts\/53477\/revisions\/53478"}],"wp:featuredmedia":[{"embeddable":true,"href":"https:\/\/elinformanteperu.com\/index.php\/wp-json\/wp\/v2\/media\/39493"}],"wp:attachment":[{"href":"https:\/\/elinformanteperu.com\/index.php\/wp-json\/wp\/v2\/media?parent=53477"}],"wp:term":[{"taxonomy":"category","embeddable":true,"href":"https:\/\/elinformanteperu.com\/index.php\/wp-json\/wp\/v2\/categories?post=53477"},{"taxonomy":"post_tag","embeddable":true,"href":"https:\/\/elinformanteperu.com\/index.php\/wp-json\/wp\/v2\/tags?post=53477"}],"curies":[{"name":"wp","href":"https:\/\/api.w.org\/{rel}","templated":true}]}}