{"id":53468,"date":"2019-07-20T02:17:50","date_gmt":"2019-07-20T07:17:50","guid":{"rendered":"http:\/\/elinformanteperu.com\/?p=53468"},"modified":"2019-07-20T02:17:50","modified_gmt":"2019-07-20T07:17:50","slug":"pico-y-placa-si-esto-no-funciona-seremos-honestos-en-decirlo-aseguro-alcalde-munoz","status":"publish","type":"post","link":"https:\/\/elinformanteperu.com\/index.php\/2019\/07\/20\/pico-y-placa-si-esto-no-funciona-seremos-honestos-en-decirlo-aseguro-alcalde-munoz\/","title":{"rendered":"Pico y placa: \u00abSi esto no funciona seremos honestos en decirlo\u00bb, asegur\u00f3 alcalde Mu\u00f1oz"},"content":{"rendered":"<p><strong><span style=\"color: #000000;\">El alcalde de Lima, Jorge Mu\u00f1oz asegur\u00f3 que si la restricci\u00f3n vehicular aprobada por el Concejo Provincial no funciona \u00abseremos honestos y lo diremos\u00bb.<\/span><\/strong><\/p>\n<p><span style=\"color: #000000;\"><strong>Lima, 19 Julio 2019, (ANDINA).-<\/strong> El alcalde de Lima, Jorge Mu\u00f1oz asegur\u00f3 que si la restricci\u00f3n vehicular aprobada por el Concejo Provincial que se aplicar\u00e1 en cinco v\u00edas principales de la ciudad, no funciona \u00abseremos honestos y lo diremos\u00bb.<\/span><\/p>\n<p><span style=\"color: #000000;\">La autoridad edil destac\u00f3 la aprobaci\u00f3n por mayor\u00eda de esta ordenanza, se\u00f1alando que se ha ganado un primer paso importante para la capital dentro de la serie de medidas que deben tomarse para mejorar la transitabilidad y apoyar al prop\u00f3sito de tener un mejor transporte.<\/span><\/p>\n<p><span style=\"color: #000000;\">Empero, dijo, si tras la evaluaci\u00f3n que se haga determinamos que no funcion\u00f3 a pesar de los esfuerzos \u00abcon toda honestidad tendremos que decirlo y tomar otras medidas\u00bb.<\/span><\/p>\n<p><span style=\"color: #000000;\">Resalt\u00f3 asimismo que con esta medida restrictiva no se pretende que los due\u00f1os de veh\u00edculos guarden sus autos en sus cocheras, sino que circulen por el resto de la ciudad con total normalidad.<\/span><\/p>\n<p><span style=\"color: #000000;\">El plan piloto- explic\u00f3 &#8211; comprender\u00e1 una \u00abmarcha blanca\u00bb de dos semanas (hasta el domingo 4 de agosto), luego de ello ya se aplicar\u00e1n multas.<\/span><\/p>\n<p><span style=\"color: #000000;\">Agreg\u00f3 que la norma establece una fecha de inicio de este plan pero no una de corte o fin de la medida. Lo que se precisa es que la evaluaci\u00f3n se har\u00e1 de manera mensual, para determinar si hay resultados positivos o no.<\/span><\/p>\n<p><strong><span style=\"color: #000000;\">Fscalizaci\u00f3n electr\u00f3nica<\/span><\/strong><\/p>\n<p><span style=\"color: #000000;\">En las cinco v\u00edas donde se aplicar\u00e1 la restricci\u00f3n se desplegar\u00e1 un total de 250 efectivos policiales que vigilar\u00e1n el cumplimiento de la norma.<\/span><\/p>\n<p><span style=\"color: #000000;\">Estos se apoyar\u00e1n en la fiscalizaci\u00f3n electr\u00f3nica o fotopapeletas, por lo que no habr\u00e1 necesidad de detener a los veh\u00edculos infractores, indic\u00f3 el director de Tr\u00e1nsito de la Policia Nacional. general Jorge Lam.<\/span><\/p>\n<p><span style=\"color: #000000;\">\u00abSi alg\u00fan vehiculo que no debe circular ese d\u00eda infringe la norma, ser\u00e1 fotografiado en su camino\u00bb, dijo el oficial, quien particip\u00f3 en la conferencia de prensa que ofreci\u00f3 el alcalde de Lima tras la sesi\u00f3n de concejo en la que se aprob\u00f3 la mencionada ordenanza.<\/span><\/p>\n","protected":false},"excerpt":{"rendered":"<p>El alcalde de Lima, Jorge Mu\u00f1oz asegur\u00f3 que si la restricci\u00f3n vehicular aprobada por el Concejo Provincial no funciona \u00abseremos honestos y lo diremos\u00bb. Lima, 19 Julio 2019, (ANDINA).- El alcalde de Lima, Jorge Mu\u00f1oz asegur\u00f3 que si la restricci\u00f3n vehicular aprobada por el Concejo Provincial que se aplicar\u00e1 en cinco v\u00edas principales de la [&hellip;]<\/p>\n","protected":false},"author":1,"featured_media":53469,"comment_status":"open","ping_status":"open","sticky":false,"template":"","format":"standard","meta":{"rop_custom_images_group":[],"rop_custom_messages_group":[],"rop_publish_now":"initial","rop_publish_now_accounts":[],"rop_publish_now_history":[],"rop_publish_now_status":"pending","footnotes":""},"categories":[10],"tags":[3476,122,4664],"class_list":["post-53468","post","type-post","status-publish","format-standard","has-post-thumbnail","hentry","category-actualidad-municipal","tag-jorge-munoz","tag-municipalidad-de-lima","tag-pico-y-placa"],"_links":{"self":[{"href":"https:\/\/elinformanteperu.com\/index.php\/wp-json\/wp\/v2\/posts\/53468","targetHints":{"allow":["GET"]}}],"collection":[{"href":"https:\/\/elinformanteperu.com\/index.php\/wp-json\/wp\/v2\/posts"}],"about":[{"href":"https:\/\/elinformanteperu.com\/index.php\/wp-json\/wp\/v2\/types\/post"}],"author":[{"embeddable":true,"href":"https:\/\/elinformanteperu.com\/index.php\/wp-json\/wp\/v2\/users\/1"}],"replies":[{"embeddable":true,"href":"https:\/\/elinformanteperu.com\/index.php\/wp-json\/wp\/v2\/comments?post=53468"}],"version-history":[{"count":1,"href":"https:\/\/elinformanteperu.com\/index.php\/wp-json\/wp\/v2\/posts\/53468\/revisions"}],"predecessor-version":[{"id":53470,"href":"https:\/\/elinformanteperu.com\/index.php\/wp-json\/wp\/v2\/posts\/53468\/revisions\/53470"}],"wp:featuredmedia":[{"embeddable":true,"href":"https:\/\/elinformanteperu.com\/index.php\/wp-json\/wp\/v2\/media\/53469"}],"wp:attachment":[{"href":"https:\/\/elinformanteperu.com\/index.php\/wp-json\/wp\/v2\/media?parent=53468"}],"wp:term":[{"taxonomy":"category","embeddable":true,"href":"https:\/\/elinformanteperu.com\/index.php\/wp-json\/wp\/v2\/categories?post=53468"},{"taxonomy":"post_tag","embeddable":true,"href":"https:\/\/elinformanteperu.com\/index.php\/wp-json\/wp\/v2\/tags?post=53468"}],"curies":[{"name":"wp","href":"https:\/\/api.w.org\/{rel}","templated":true}]}}