{"id":53218,"date":"2019-07-16T21:27:31","date_gmt":"2019-07-17T02:27:31","guid":{"rendered":"http:\/\/elinformanteperu.com\/?p=53218"},"modified":"2019-07-16T21:27:31","modified_gmt":"2019-07-17T02:27:31","slug":"presidente-expresa-preocupacion-por-avance-en-aprobacion-de-reforma-politica-en-el-pleno","status":"publish","type":"post","link":"https:\/\/elinformanteperu.com\/index.php\/2019\/07\/16\/presidente-expresa-preocupacion-por-avance-en-aprobacion-de-reforma-politica-en-el-pleno\/","title":{"rendered":"Presidente expresa preocupaci\u00f3n por avance en aprobaci\u00f3n de reforma pol\u00edtica en el pleno"},"content":{"rendered":"<p><strong><span style=\"color: #000000;\">El presidente Mart\u00edn Vizcarra expres\u00f3 su preocupaci\u00f3n por el avance en la aprobaci\u00f3n de la reforma pol\u00edtica en el pleno del Congreso al observar que solo se aprob\u00f3 un proyecto de ley.<\/span><\/strong><\/p>\n<p><span style=\"color: #000000;\"><strong>Lima, 16 Julio 2019, (ANDINA).-<\/strong> El presidente Mart\u00edn Vizcarra expres\u00f3 su preocupaci\u00f3n por el avance en la aprobaci\u00f3n de la reforma pol\u00edtica en el pleno del Congreso al observar que solo se aprob\u00f3 un proyecto de ley cuando falta poco m\u00e1s de una semana para que concluya la legislatura ampliada.<\/span><\/p>\n<p><span style=\"color: #000000;\">Se\u00f1al\u00f3 los seis proyectos de la reforma pol\u00edtica fueron presentados por el Ejecutivo al Congreso el 7 de junio en el marco de la cuesti\u00f3n de confianza y fue aprobada por el pleno el 11 de junio, luego de una deliberaci\u00f3n.<\/span><\/p>\n<p><span style=\"color: #000000;\">\u201cHa pasado m\u00e1s de un mes, la pr\u00f3xima semana se acaba el plazo extendido que el propio Congreso se ha dado, queda poco m\u00e1s de una semana y de los seis proyectos cu\u00e1ntos se aprob\u00f3: uno. Esa es nuestra preocupaci\u00f3n\u201d, asever\u00f3.<\/span><\/p>\n<p><span style=\"color: #000000;\">Dijo, sin embargo, que conf\u00eda en el Congreso y en el voto de confianza manifestado en junio.<\/span><\/p>\n<p><span style=\"color: #000000;\">El mandatario observ\u00f3 que esta es una semana de representaci\u00f3n en el Congreso, por lo que quedar\u00eda solo la otra semana para aprobar en el pleno las reformas pol\u00edticas.<\/span><\/p>\n<p><span style=\"color: #000000;\">El presidente del Congreso, Daniel Salaverry, ampli\u00f3 la presente legislatura hasta el 25 de julio, a fin de aprobar los proyectos de ley comprendidos en la cuesti\u00f3n de confianza. De los seis proyectos de ley, el pleno aprob\u00f3 en primera votaci\u00f3n el proyecto que modifica los requisitos para la inscripci\u00f3n y cancelaci\u00f3n de los partidos pol\u00edticos.<\/span><\/p>\n<p><span style=\"color: #000000;\">\u201cSiempre hemos sido optimistas de que se van aprobar los seis proyectos honrando la confianza, siempre hemos dicho que somos optimistas de que no se distorsionar\u00e1 la esencia de los proyectos, esperemos que se haga, pero si expresamos la preocupaci\u00f3n por el corto plazo\u201d, afirm\u00f3 el mandatario.<\/span><\/p>\n<p><span style=\"color: #000000;\">Indic\u00f3 que la confianza otorgada por el Congreso a los seis proyectos de reforma pol\u00edtica genera expectativas no solo en el Ejecutivo sino en todo el pa\u00eds \u201cque est\u00e1 expectante viendo que queda una semana y todav\u00eda no se aprueba con la importante y celeridad que el tema merita\u201d.<\/span><\/p>\n<p><span style=\"color: #000000;\">\u201cCreo que se har\u00e1, lo que llam\u00f3 la atenci\u00f3n es que pas\u00f3 m\u00e1s de un mes y falta una semana, es simplemente sopesar, estoy seguro de que tranquilamente se puede corregir poniendo la celeridad y la importancia del caso\u201d, insisti\u00f3.<\/span><\/p>\n<p><strong><span style=\"color: #000000;\">Odebrecht y Chaglla<\/span><\/strong><\/p>\n<p><span style=\"color: #000000;\">El mandatario tambi\u00e9n pidi\u00f3 respetar la independencia de poderes y la decisi\u00f3n que debe tomar el Ministerio P\u00fablico en el reembolso de 524 millones de soles que solicita la empresa Odebrecht al Estado tras la venta de la hidroel\u00e9ctrica de Chaglla, en Hu\u00e1nuco.<\/span><\/p>\n<p><span style=\"color: #000000;\">\u201cHay que tomar la providencia y las garant\u00edas del caso, es lamentable que proyectos que se pensaban que no hab\u00edan sido fruto de corrupci\u00f3n tambi\u00e9n estaban, eso amerita un an\u00e1lisis profundo, pensando en lo mejor para el Estado\u201d, afirm\u00f3.<\/span><\/p>\n<p><span style=\"color: #000000;\">Ayer el ministro de Justicia, Vicente Zeballos, sostuvo que el Ejecutivo no atender\u00e1 el pedido de Odebrecht, dado que la homologaci\u00f3n del acuerdo de colaboraci\u00f3n eficaz con dicha empresa establece que la fiscal\u00eda debe informar que \u201cno exista investigaci\u00f3n o proceso penal en curso\u201d.<\/span><\/p>\n<p><span style=\"color: #000000;\">El jefe de Estado dijo que es de la opini\u00f3n que si el acuerdo lo determina, el dinero debe quedar como garant\u00eda.<\/span><\/p>\n","protected":false},"excerpt":{"rendered":"<p>El presidente Mart\u00edn Vizcarra expres\u00f3 su preocupaci\u00f3n por el avance en la aprobaci\u00f3n de la reforma pol\u00edtica en el pleno del Congreso al observar que solo se aprob\u00f3 un proyecto de ley. Lima, 16 Julio 2019, (ANDINA).- El presidente Mart\u00edn Vizcarra expres\u00f3 su preocupaci\u00f3n por el avance en la aprobaci\u00f3n de la reforma pol\u00edtica en [&hellip;]<\/p>\n","protected":false},"author":1,"featured_media":53219,"comment_status":"open","ping_status":"open","sticky":false,"template":"","format":"standard","meta":{"rop_custom_images_group":[],"rop_custom_messages_group":[],"rop_publish_now":"initial","rop_publish_now_accounts":[],"rop_publish_now_history":[],"rop_publish_now_status":"pending","footnotes":""},"categories":[5],"tags":[192,289,1421],"class_list":["post-53218","post","type-post","status-publish","format-standard","has-post-thumbnail","hentry","category-actualidad-informativa","tag-congreso","tag-martin-vizcarra","tag-poder-ejecutivo"],"_links":{"self":[{"href":"https:\/\/elinformanteperu.com\/index.php\/wp-json\/wp\/v2\/posts\/53218","targetHints":{"allow":["GET"]}}],"collection":[{"href":"https:\/\/elinformanteperu.com\/index.php\/wp-json\/wp\/v2\/posts"}],"about":[{"href":"https:\/\/elinformanteperu.com\/index.php\/wp-json\/wp\/v2\/types\/post"}],"author":[{"embeddable":true,"href":"https:\/\/elinformanteperu.com\/index.php\/wp-json\/wp\/v2\/users\/1"}],"replies":[{"embeddable":true,"href":"https:\/\/elinformanteperu.com\/index.php\/wp-json\/wp\/v2\/comments?post=53218"}],"version-history":[{"count":1,"href":"https:\/\/elinformanteperu.com\/index.php\/wp-json\/wp\/v2\/posts\/53218\/revisions"}],"predecessor-version":[{"id":53220,"href":"https:\/\/elinformanteperu.com\/index.php\/wp-json\/wp\/v2\/posts\/53218\/revisions\/53220"}],"wp:featuredmedia":[{"embeddable":true,"href":"https:\/\/elinformanteperu.com\/index.php\/wp-json\/wp\/v2\/media\/53219"}],"wp:attachment":[{"href":"https:\/\/elinformanteperu.com\/index.php\/wp-json\/wp\/v2\/media?parent=53218"}],"wp:term":[{"taxonomy":"category","embeddable":true,"href":"https:\/\/elinformanteperu.com\/index.php\/wp-json\/wp\/v2\/categories?post=53218"},{"taxonomy":"post_tag","embeddable":true,"href":"https:\/\/elinformanteperu.com\/index.php\/wp-json\/wp\/v2\/tags?post=53218"}],"curies":[{"name":"wp","href":"https:\/\/api.w.org\/{rel}","templated":true}]}}