{"id":53215,"date":"2019-07-16T21:24:15","date_gmt":"2019-07-17T02:24:15","guid":{"rendered":"http:\/\/elinformanteperu.com\/?p=53215"},"modified":"2019-07-16T21:24:15","modified_gmt":"2019-07-17T02:24:15","slug":"corte-del-callao-renueva-orden-de-ubicacion-y-captura-de-felix-moreno","status":"publish","type":"post","link":"https:\/\/elinformanteperu.com\/index.php\/2019\/07\/16\/corte-del-callao-renueva-orden-de-ubicacion-y-captura-de-felix-moreno\/","title":{"rendered":"Corte del Callao renueva orden de ubicaci\u00f3n y captura de F\u00e9lix Moreno"},"content":{"rendered":"<p><strong><span style=\"color: #000000;\">La Corte Superior de Justicia del Callao renov\u00f3 la orden de ubicaci\u00f3n y captura del ex gobernador regional del Callao, F\u00e9lix Moreno, y coacusados en el Caso Fundo Oquendo.<\/span><\/strong><\/p>\n<p><span style=\"color: #000000;\"><strong>Lima, 16 Julio 2019, (ANDINA).-<\/strong> La Corte Superior de Justicia del Callao renov\u00f3 la orden de ubicaci\u00f3n y captura del ex gobernador regional del Callao, F\u00e9lix Moreno, y coacusados en el Caso Fundo Oquendo, Eber Ram\u00edrez Sanchez, Jos\u00e9 Luis Casado Pinedo, Oscar Pe\u00f1a Aparicio y Marco Palomino Pe\u00f1a, todos ex funcionarios de la regi\u00f3n en 2011.<\/span><\/p>\n<p><span style=\"color: #000000;\">La actual orden de captura en contra del exgobernador regional y los ex funcionarios se venc\u00eda el 18 de julio.<\/span><\/p>\n<p><span style=\"color: #000000;\">F\u00e9lix Moreno y el resto de ex funcionarios fueron condenados a 5 a\u00f1os de prisi\u00f3n efectiva en enero de este a\u00f1o por los delitos de colusi\u00f3n y negociaci\u00f3n incompatible en agravio del Estado por la venta subvaluada del fundo Oquendo en el 2011.<\/span><\/p>\n<p><span style=\"color: #000000;\">Seg\u00fan la Fiscal\u00eda, la exautoridad aprovech\u00f3 su cargo como gobernador regional para favorecer a la empresa inmobiliaria \u2018Estefan\u00eda S. A. C.\u2019 con la venta del fundo de 70 030 metros cuadrados, por un precio subvalorado en 10 millones de soles de su valor real.<\/span><\/p>\n<p><strong><span style=\"color: #000000;\">Involucrado en el Caso Odebrecht<\/span><\/strong><\/p>\n<p><span style=\"color: #000000;\">Por otro lado, Moreno tambi\u00e9n tiene pendiente cumplir una orden de prisi\u00f3n preventiva de 18 meses, dictada por la Primera Sala Penal de Apelaciones de la Corte Especializada en Crimen Organizado y Corrupci\u00f3n, por la presunta comisi\u00f3n de los delitos de lavado de activos y tr\u00e1fico de influencias.<\/span><\/p>\n<p><span style=\"color: #000000;\">El Ministerio P\u00fablico acusa a la exautoridad del Callao por haber beneficiado a la empresa brasile\u00f1a Odebrecht para que se adjudique la obra de la Costa Verde del Callao, a cambio de una coima de $4 millones.<\/span><\/p>\n<p><span style=\"color: #000000;\">Actualmente se desconoce cu\u00e1l es su paradero. El Ministerio del Interior dispuso que 3 unidades especializadas de la Polic\u00eda Nacional tienen la tarea espec\u00edfica de buscarlo. Adem\u00e1s, fue incluido en incluido en el Programa de Recompensas y se ofrece la suma de 20,000 soles por informaci\u00f3n que lleve a su captura.<\/span><\/p>\n","protected":false},"excerpt":{"rendered":"<p>La Corte Superior de Justicia del Callao renov\u00f3 la orden de ubicaci\u00f3n y captura del ex gobernador regional del Callao, F\u00e9lix Moreno, y coacusados en el Caso Fundo Oquendo. Lima, 16 Julio 2019, (ANDINA).- La Corte Superior de Justicia del Callao renov\u00f3 la orden de ubicaci\u00f3n y captura del ex gobernador regional del Callao, F\u00e9lix [&hellip;]<\/p>\n","protected":false},"author":1,"featured_media":53216,"comment_status":"open","ping_status":"open","sticky":false,"template":"","format":"standard","meta":{"rop_custom_images_group":[],"rop_custom_messages_group":[],"rop_publish_now":"initial","rop_publish_now_accounts":[],"rop_publish_now_history":[],"rop_publish_now_status":"pending","footnotes":""},"categories":[5],"tags":[535,331,330,163],"class_list":["post-53215","post","type-post","status-publish","format-standard","has-post-thumbnail","hentry","category-actualidad-informativa","tag-callao","tag-felix-moreno","tag-gobierno-regional-del-callao","tag-poder-judicial"],"_links":{"self":[{"href":"https:\/\/elinformanteperu.com\/index.php\/wp-json\/wp\/v2\/posts\/53215","targetHints":{"allow":["GET"]}}],"collection":[{"href":"https:\/\/elinformanteperu.com\/index.php\/wp-json\/wp\/v2\/posts"}],"about":[{"href":"https:\/\/elinformanteperu.com\/index.php\/wp-json\/wp\/v2\/types\/post"}],"author":[{"embeddable":true,"href":"https:\/\/elinformanteperu.com\/index.php\/wp-json\/wp\/v2\/users\/1"}],"replies":[{"embeddable":true,"href":"https:\/\/elinformanteperu.com\/index.php\/wp-json\/wp\/v2\/comments?post=53215"}],"version-history":[{"count":1,"href":"https:\/\/elinformanteperu.com\/index.php\/wp-json\/wp\/v2\/posts\/53215\/revisions"}],"predecessor-version":[{"id":53217,"href":"https:\/\/elinformanteperu.com\/index.php\/wp-json\/wp\/v2\/posts\/53215\/revisions\/53217"}],"wp:featuredmedia":[{"embeddable":true,"href":"https:\/\/elinformanteperu.com\/index.php\/wp-json\/wp\/v2\/media\/53216"}],"wp:attachment":[{"href":"https:\/\/elinformanteperu.com\/index.php\/wp-json\/wp\/v2\/media?parent=53215"}],"wp:term":[{"taxonomy":"category","embeddable":true,"href":"https:\/\/elinformanteperu.com\/index.php\/wp-json\/wp\/v2\/categories?post=53215"},{"taxonomy":"post_tag","embeddable":true,"href":"https:\/\/elinformanteperu.com\/index.php\/wp-json\/wp\/v2\/tags?post=53215"}],"curies":[{"name":"wp","href":"https:\/\/api.w.org\/{rel}","templated":true}]}}