{"id":53213,"date":"2019-07-16T21:21:11","date_gmt":"2019-07-17T02:21:11","guid":{"rendered":"http:\/\/elinformanteperu.com\/?p=53213"},"modified":"2019-07-16T21:21:11","modified_gmt":"2019-07-17T02:21:11","slug":"maritza-garcia-seria-un-desastre-que-fuerza-popular-vuelva-a-presidencia-del-congreso","status":"publish","type":"post","link":"https:\/\/elinformanteperu.com\/index.php\/2019\/07\/16\/maritza-garcia-seria-un-desastre-que-fuerza-popular-vuelva-a-presidencia-del-congreso\/","title":{"rendered":"Maritza Garc\u00eda: \u00abSer\u00eda un desastre que Fuerza Popular vuelva a Presidencia del Congreso\u00bb"},"content":{"rendered":"<p><strong><span style=\"color: #000000;\">La integrante de la bancada Cambio 21, Maritza Garc\u00eda, consider\u00f3 que ser\u00eda un \u00abdesastre\u00bb y un \u00abretroceso\u00bb para el Congreso que la Mesa Directiva vuelva a estar presidida por Fuerza Popular. <\/span><\/strong><\/p>\n<p><span style=\"color: #000000;\"><strong>Lima, 16 Julio 2019, (ANDINA).- <\/strong>La integrante de la bancada Cambio 21, Maritza Garc\u00eda, consider\u00f3 que ser\u00eda un \u00abdesastre\u00bb y un \u00abretroceso\u00bb para el Congreso que la Mesa Directiva vuelva a estar presidida por un integrante de la bancada de Fuerza Popular.<\/span><\/p>\n<p><span style=\"color: #000000;\">Por ello, Garc\u00eda opin\u00f3 que su grupo pol\u00edtico no deber\u00eda respaldar a una candidato de ese sector pol\u00edtico.<\/span><\/p>\n<p><span style=\"color: #000000;\">\u00abSer\u00eda un desastre y un retroceso que la presidencia del Congreso regrese a Fuerza Popular\u00bb, afirm\u00f3 la parlamentaria y exintegrante de la bancada fujimorista.<\/span><\/p>\n<p><span style=\"color: #000000;\">Garc\u00eda asegur\u00f3 que las gestiones de los congresistas fujimoristas Luz Salgado y Luis Galarreta al frente de la Mesa Directiva del Congreso, no cumplieron el compromiso de servir a los intereses del pa\u00eds y, por el contrario, estuvieron centradas a priorizar los temas convenientes para Fuerza Popular.<\/span><\/p>\n<p><span style=\"color: #000000;\">Se priorizaron los proyectos de ley de su inter\u00e9s, no de inter\u00e9s nacional, proyectos lobistas. No hemos visto una mesa que priorice los proyectos de la gente y las demandas sociales m\u00e1s \u00e1lgidas\u00bb, coment\u00f3 a Andina.<\/span><\/p>\n<p><span style=\"color: #000000;\">La parlamentaria asegur\u00f3 que Cambio 21 a\u00fan no define apoyo a alguna lista en particular en las pr\u00f3ximas elecciones a la Presidencia del Congreso, pero subray\u00f3 que la mayor\u00eda de sus colegas rechaza apoyar a Fuerza Popular.<\/span><\/p>\n<p><span style=\"color: #000000;\">Seg\u00fan la legisladora, una eventual candidatura a la reelecci\u00f3n del actual titular del Congreso, Daniel Salaverry, tendr\u00eda respaldo porque \u00abs\u00ed se nota el apoyo de los parlamentarios por la forma en la que ha conducido la mesa\u00bb.<\/span><\/p>\n<p><span style=\"color: #000000;\">\u00abBuscamos un parlamentario que nos represente a todos sin distinci\u00f3n del color de la camiseta y ese perfil lo ha cumplido Daniel Salaverry. La mayor\u00eda de parlamentarios con los que he conversado est\u00e1n de acuerdo en apoyarlo, pero nada es seguro porque los votos son secretos\u00bb, apunt\u00f3.<\/span><\/p>\n<p><span style=\"color: #000000;\">La congresista enumer\u00f3 los aspectos positivos de la gesti\u00f3n de Salaverry como titular del congreso y destac\u00f3 que \u00abuno de sus principales m\u00e9ritos es haber salido de Fuerza Popular\u00bb.<\/span><\/p>\n<p><span style=\"color: #000000;\">\u00abEl segundo m\u00e9rito es es haber priorizado proyectos de inter\u00e9s nacional; tercero, haber impulsado los proyectos de reforma pol\u00edtica; y cuarto, haber dado su lugar a cada parlamentario\u00bb, finaliz\u00f3.<\/span><\/p>\n","protected":false},"excerpt":{"rendered":"<p>La integrante de la bancada Cambio 21, Maritza Garc\u00eda, consider\u00f3 que ser\u00eda un \u00abdesastre\u00bb y un \u00abretroceso\u00bb para el Congreso que la Mesa Directiva vuelva a estar presidida por Fuerza Popular. Lima, 16 Julio 2019, (ANDINA).- La integrante de la bancada Cambio 21, Maritza Garc\u00eda, consider\u00f3 que ser\u00eda un \u00abdesastre\u00bb y un \u00abretroceso\u00bb para el [&hellip;]<\/p>\n","protected":false},"author":1,"featured_media":21903,"comment_status":"open","ping_status":"open","sticky":false,"template":"","format":"standard","meta":{"rop_custom_images_group":[],"rop_custom_messages_group":[],"rop_publish_now":"initial","rop_publish_now_accounts":[],"rop_publish_now_history":[],"rop_publish_now_status":"pending","footnotes":""},"categories":[5],"tags":[192,295,2260],"class_list":["post-53213","post","type-post","status-publish","format-standard","has-post-thumbnail","hentry","category-actualidad-informativa","tag-congreso","tag-fuerza-popular","tag-maritza-garcia"],"_links":{"self":[{"href":"https:\/\/elinformanteperu.com\/index.php\/wp-json\/wp\/v2\/posts\/53213","targetHints":{"allow":["GET"]}}],"collection":[{"href":"https:\/\/elinformanteperu.com\/index.php\/wp-json\/wp\/v2\/posts"}],"about":[{"href":"https:\/\/elinformanteperu.com\/index.php\/wp-json\/wp\/v2\/types\/post"}],"author":[{"embeddable":true,"href":"https:\/\/elinformanteperu.com\/index.php\/wp-json\/wp\/v2\/users\/1"}],"replies":[{"embeddable":true,"href":"https:\/\/elinformanteperu.com\/index.php\/wp-json\/wp\/v2\/comments?post=53213"}],"version-history":[{"count":1,"href":"https:\/\/elinformanteperu.com\/index.php\/wp-json\/wp\/v2\/posts\/53213\/revisions"}],"predecessor-version":[{"id":53214,"href":"https:\/\/elinformanteperu.com\/index.php\/wp-json\/wp\/v2\/posts\/53213\/revisions\/53214"}],"wp:featuredmedia":[{"embeddable":true,"href":"https:\/\/elinformanteperu.com\/index.php\/wp-json\/wp\/v2\/media\/21903"}],"wp:attachment":[{"href":"https:\/\/elinformanteperu.com\/index.php\/wp-json\/wp\/v2\/media?parent=53213"}],"wp:term":[{"taxonomy":"category","embeddable":true,"href":"https:\/\/elinformanteperu.com\/index.php\/wp-json\/wp\/v2\/categories?post=53213"},{"taxonomy":"post_tag","embeddable":true,"href":"https:\/\/elinformanteperu.com\/index.php\/wp-json\/wp\/v2\/tags?post=53213"}],"curies":[{"name":"wp","href":"https:\/\/api.w.org\/{rel}","templated":true}]}}