{"id":53116,"date":"2019-07-15T21:34:35","date_gmt":"2019-07-16T02:34:35","guid":{"rendered":"http:\/\/elinformanteperu.com\/?p=53116"},"modified":"2019-07-15T21:34:35","modified_gmt":"2019-07-16T02:34:35","slug":"mario-vargas-llosa-tv-azteca-hara-documental-que-incluira-su-paso-por-san-marcos","status":"publish","type":"post","link":"https:\/\/elinformanteperu.com\/index.php\/2019\/07\/15\/mario-vargas-llosa-tv-azteca-hara-documental-que-incluira-su-paso-por-san-marcos\/","title":{"rendered":"Mario Vargas Llosa: TV Azteca har\u00e1 documental que incluir\u00e1 su paso por San Marcos"},"content":{"rendered":"<p><strong><span style=\"color: #000000;\">La cadena TV Azteca prepara un documental sobre la vida y obra del Premio Nobel de Literatura Mario Vargas Llosa que incluir\u00e1 el paso del escritor por la Universidad de San Marcos.<\/span><\/strong><\/p>\n<p><span style=\"color: #000000;\"><strong>Lima, 15 Julio 2019, (ANDINA).-<\/strong> La cadena TV Azteca prepara un documental sobre la vida y obra del Premio Nobel de Literatura Mario Vargas Llosa que incluir\u00e1 el paso del escritor por la Universidad Nacional Mayor de San Marcos.<\/span><\/p>\n<p><span style=\"color: #000000;\">El mismo Vargas Llosa sugiri\u00f3 a la televisora que incluya en dicho material f\u00edlmico su paso por la antigua Casona el Parque Universitario, en el Centro de Lima, hoy Centro Cultural de San Marcos.<\/span><\/p>\n<p><span style=\"color: #000000;\">Ayer, una comitiva de la Decana de Am\u00e9rica, presidida por el rector Orestes Cachay Boza, le dio la bienvenida a Vargas Llosa precisamente en el Centro Cultural donde anteriormente se dictaban las c\u00e1tedras, hasta 1966, cuando las oficinas se trasladan al campus de la Ciudad Universitaria.<\/span><\/p>\n<p><span style=\"color: #000000;\">En su visita a la casa de estudios, el Nobel de Literatura dijo sentirse muy orgulloso de haber sido sanmarquino, de haber pertenecido a la universidad m\u00e1s antigua de Am\u00e9rica, que siempre fue \u00abun territorio insumiso y rebelde\u00bb.<\/span><\/p>\n<p><span style=\"color: #000000;\">\u201c(Un territorio) muy cr\u00edtico de todas las dictaduras que, por desgracia, hemos padecido y en la que adem\u00e1s de haber recibido una formaci\u00f3n profesional recib\u00ed una formaci\u00f3n c\u00edvica de insumisi\u00f3n, de rebeld\u00eda, de esp\u00edritu cr\u00edtico algo que seguramente conserva todav\u00eda San Marcos, y esperemos lo conserve en el futuro\u201d, se\u00f1al\u00f3.<\/span><\/p>\n<p><span style=\"color: #000000;\">Mario Vargas Llosa realizar\u00e1 diversas actividades durante su participaci\u00f3n en la Feria Internacional de Lima (FIL) 2019, donde ser\u00e1 el invitado de honor. Este a\u00f1o el autor de \u00abConversaciones en la catedral\u201d \u201cLa guerra del fin del mundo\u201d \u201cEl para\u00edso en la otra esquina\u201d tendr\u00e1 una oportunidad para acercar su mundo literario a las nuevas generaciones de lectores.<\/span><\/p>\n<p><span style=\"color: #000000;\">La Fil 2019 empezar\u00e1 el 19 de julio y durar\u00e1 hasta el 4 de agosto. El Premio Nobel ser\u00e1 parte de la #ExperienciaFIL.<\/span><\/p>\n<p><iframe title=\"Tema: Mario Vargas Llosa y su reencuentro con la Decana de Am\u00e9rica\" width=\"615\" height=\"346\" src=\"https:\/\/www.youtube.com\/embed\/lVfIKQwNlN8?feature=oembed\" frameborder=\"0\" allow=\"accelerometer; autoplay; clipboard-write; encrypted-media; gyroscope; picture-in-picture; web-share\" referrerpolicy=\"strict-origin-when-cross-origin\" allowfullscreen><\/iframe><\/p>\n","protected":false},"excerpt":{"rendered":"<p>La cadena TV Azteca prepara un documental sobre la vida y obra del Premio Nobel de Literatura Mario Vargas Llosa que incluir\u00e1 el paso del escritor por la Universidad de San Marcos. Lima, 15 Julio 2019, (ANDINA).- La cadena TV Azteca prepara un documental sobre la vida y obra del Premio Nobel de Literatura Mario [&hellip;]<\/p>\n","protected":false},"author":1,"featured_media":53117,"comment_status":"open","ping_status":"open","sticky":false,"template":"","format":"standard","meta":{"rop_custom_images_group":[],"rop_custom_messages_group":[],"rop_publish_now":"initial","rop_publish_now_accounts":[],"rop_publish_now_history":[],"rop_publish_now_status":"pending","footnotes":""},"categories":[10],"tags":[4576,4575,1242,2407],"class_list":["post-53116","post","type-post","status-publish","format-standard","has-post-thumbnail","hentry","category-actualidad-municipal","tag-feria-internacional-del-libro-2019","tag-fil-2019","tag-mario-vargas-llosa","tag-universidad-nacional-mayor-de-san-marcos"],"_links":{"self":[{"href":"https:\/\/elinformanteperu.com\/index.php\/wp-json\/wp\/v2\/posts\/53116","targetHints":{"allow":["GET"]}}],"collection":[{"href":"https:\/\/elinformanteperu.com\/index.php\/wp-json\/wp\/v2\/posts"}],"about":[{"href":"https:\/\/elinformanteperu.com\/index.php\/wp-json\/wp\/v2\/types\/post"}],"author":[{"embeddable":true,"href":"https:\/\/elinformanteperu.com\/index.php\/wp-json\/wp\/v2\/users\/1"}],"replies":[{"embeddable":true,"href":"https:\/\/elinformanteperu.com\/index.php\/wp-json\/wp\/v2\/comments?post=53116"}],"version-history":[{"count":1,"href":"https:\/\/elinformanteperu.com\/index.php\/wp-json\/wp\/v2\/posts\/53116\/revisions"}],"predecessor-version":[{"id":53118,"href":"https:\/\/elinformanteperu.com\/index.php\/wp-json\/wp\/v2\/posts\/53116\/revisions\/53118"}],"wp:featuredmedia":[{"embeddable":true,"href":"https:\/\/elinformanteperu.com\/index.php\/wp-json\/wp\/v2\/media\/53117"}],"wp:attachment":[{"href":"https:\/\/elinformanteperu.com\/index.php\/wp-json\/wp\/v2\/media?parent=53116"}],"wp:term":[{"taxonomy":"category","embeddable":true,"href":"https:\/\/elinformanteperu.com\/index.php\/wp-json\/wp\/v2\/categories?post=53116"},{"taxonomy":"post_tag","embeddable":true,"href":"https:\/\/elinformanteperu.com\/index.php\/wp-json\/wp\/v2\/tags?post=53116"}],"curies":[{"name":"wp","href":"https:\/\/api.w.org\/{rel}","templated":true}]}}