{"id":53113,"date":"2019-07-15T21:30:38","date_gmt":"2019-07-16T02:30:38","guid":{"rendered":"http:\/\/elinformanteperu.com\/?p=53113"},"modified":"2019-07-15T21:30:38","modified_gmt":"2019-07-16T02:30:38","slug":"jorge-munoz-miercoles-24-de-julio-se-conoceran-resultados-de-renegociacion-de-peajes","status":"publish","type":"post","link":"https:\/\/elinformanteperu.com\/index.php\/2019\/07\/15\/jorge-munoz-miercoles-24-de-julio-se-conoceran-resultados-de-renegociacion-de-peajes\/","title":{"rendered":"Jorge Mu\u00f1oz: mi\u00e9rcoles 24 de julio se conocer\u00e1n resultados de renegociaci\u00f3n de peajes"},"content":{"rendered":"<p><strong><span style=\"color: #000000;\">El alcalde de Lima inform\u00f3 que el mi\u00e9rcoles 24 de julio se conocer\u00e1n los resultados de la renegociaci\u00f3n de peajes con las concesionarias Rutas de Lima y L\u00ednea Amarilla.<\/span><\/strong><\/p>\n<p><span style=\"color: #000000;\"><strong>Lima, 15 Julio 2019, (ANDINA).-<\/strong> El alcalde de Lima, Jorge Mu\u00f1oz, inform\u00f3 que el mi\u00e9rcoles 24 de julio se conocer\u00e1n los resultados de la renegociaci\u00f3n de peajes con las concesionarias Rutas de Lima y L\u00ednea Amarilla.<\/span><\/p>\n<p><span style=\"color: #000000;\">El burgomaestre indic\u00f3 que la concesionaria L\u00ednea Amarilla (Lamsac) todav\u00eda no acepta el pedido realizado por la Municipalidad de Lima para que se cobren montos menores a los registrados actualmente en las casetas del peaje. Por ejemplo, los autos particulares pagan ahora S\/ 5.70.<\/span><\/p>\n<p><span style=\"color: #000000;\">\u00abEste 24 vamos a presentar el resultado de c\u00f3mo hemos negociado con cada una de las empresas para ver cu\u00e1l ha sido el avance, este es el plazo que no hemos autoimpuesto como parte de la evaluaci\u00f3n conjunta\u00bb, apunt\u00f3.<\/span><\/p>\n<p><span style=\"color: #000000;\">Lament\u00f3 que en este tiempo de renegociaciones no se haya avanzado de acuerdo con lo programado.<\/span><\/p>\n<p><span style=\"color: #000000;\">\u201cNo se ha avanzado como se ha propuesto. En el caso de L\u00ednea Amarilla se ha llegado a tarifas como las que tenemos hoy, que no son las tarifas a las que se debi\u00f3 haber llegado. Eso se ha puesto sobre la mesa y no se ha escuchado la petici\u00f3n de la municipalidad\u201d.<\/span><\/p>\n<p><span style=\"color: #000000;\">Mu\u00f1oz Wells dijo guardar la esperanza de que en los pr\u00f3ximos d\u00edas se tengan \u00abresultados positivos\u00bb, tras indicar que s\u00ed se han registrado avances en la renegociaci\u00f3n con Rutas de Lima.<\/span><\/p>\n","protected":false},"excerpt":{"rendered":"<p>El alcalde de Lima inform\u00f3 que el mi\u00e9rcoles 24 de julio se conocer\u00e1n los resultados de la renegociaci\u00f3n de peajes con las concesionarias Rutas de Lima y L\u00ednea Amarilla. Lima, 15 Julio 2019, (ANDINA).- El alcalde de Lima, Jorge Mu\u00f1oz, inform\u00f3 que el mi\u00e9rcoles 24 de julio se conocer\u00e1n los resultados de la renegociaci\u00f3n de [&hellip;]<\/p>\n","protected":false},"author":1,"featured_media":53114,"comment_status":"open","ping_status":"open","sticky":false,"template":"","format":"standard","meta":{"rop_custom_images_group":[],"rop_custom_messages_group":[],"rop_publish_now":"initial","rop_publish_now_accounts":[],"rop_publish_now_history":[],"rop_publish_now_status":"pending","footnotes":""},"categories":[10],"tags":[3476,1613,2150,122,745],"class_list":["post-53113","post","type-post","status-publish","format-standard","has-post-thumbnail","hentry","category-actualidad-municipal","tag-jorge-munoz","tag-lima","tag-linea-amarilla","tag-municipalidad-de-lima","tag-rutas-de-lima"],"_links":{"self":[{"href":"https:\/\/elinformanteperu.com\/index.php\/wp-json\/wp\/v2\/posts\/53113","targetHints":{"allow":["GET"]}}],"collection":[{"href":"https:\/\/elinformanteperu.com\/index.php\/wp-json\/wp\/v2\/posts"}],"about":[{"href":"https:\/\/elinformanteperu.com\/index.php\/wp-json\/wp\/v2\/types\/post"}],"author":[{"embeddable":true,"href":"https:\/\/elinformanteperu.com\/index.php\/wp-json\/wp\/v2\/users\/1"}],"replies":[{"embeddable":true,"href":"https:\/\/elinformanteperu.com\/index.php\/wp-json\/wp\/v2\/comments?post=53113"}],"version-history":[{"count":1,"href":"https:\/\/elinformanteperu.com\/index.php\/wp-json\/wp\/v2\/posts\/53113\/revisions"}],"predecessor-version":[{"id":53115,"href":"https:\/\/elinformanteperu.com\/index.php\/wp-json\/wp\/v2\/posts\/53113\/revisions\/53115"}],"wp:featuredmedia":[{"embeddable":true,"href":"https:\/\/elinformanteperu.com\/index.php\/wp-json\/wp\/v2\/media\/53114"}],"wp:attachment":[{"href":"https:\/\/elinformanteperu.com\/index.php\/wp-json\/wp\/v2\/media?parent=53113"}],"wp:term":[{"taxonomy":"category","embeddable":true,"href":"https:\/\/elinformanteperu.com\/index.php\/wp-json\/wp\/v2\/categories?post=53113"},{"taxonomy":"post_tag","embeddable":true,"href":"https:\/\/elinformanteperu.com\/index.php\/wp-json\/wp\/v2\/tags?post=53113"}],"curies":[{"name":"wp","href":"https:\/\/api.w.org\/{rel}","templated":true}]}}