{"id":53094,"date":"2019-07-15T20:59:33","date_gmt":"2019-07-16T01:59:33","guid":{"rendered":"http:\/\/elinformanteperu.com\/?p=53094"},"modified":"2019-07-15T20:59:33","modified_gmt":"2019-07-16T01:59:33","slug":"neymar-regresa-al-psg-en-medio-de-un-clima-de-tension","status":"publish","type":"post","link":"https:\/\/elinformanteperu.com\/index.php\/2019\/07\/15\/neymar-regresa-al-psg-en-medio-de-un-clima-de-tension\/","title":{"rendered":"Neymar regresa al PSG en medio de un clima de tensi\u00f3n"},"content":{"rendered":"<p><strong><span style=\"color: #000000;\">El esperado regreso ya se ha producido, pero la tensi\u00f3n se respira en el ambiente. Neymar se uni\u00f3 al grupo del Paris Saint Germain, mientras su club lo esperaba una semana atr\u00e1s.<\/span><\/strong><\/p>\n<p><span style=\"color: #000000;\"><strong>Lima, 15 Julio 2019, (ANDINA).-<\/strong> El esperado regreso ya se ha producido, pero la tensi\u00f3n se respira en el ambiente. Neymar se uni\u00f3 al grupo del Paris Saint Germain, mientras su club lo esperaba una semana atr\u00e1s, en medio de la pol\u00e9mica por sus recientes palabras sobre la &#8216;remontada&#8217;.<\/span><\/p>\n<p><span style=\"color: #000000;\">\u00abSe presentar\u00e1 (el lunes) en el club\u00bb, hab\u00eda indicado el domingo un miembro de su servicio de prensa. Dicho y hecho. El jugador m\u00e1s caro del mundo (222 millones de euros) \u00ablleg\u00f3 el lunes por la ma\u00f1ana sobre las 9h.10 (locales)\u00bb, seg\u00fan RMC, para una sesi\u00f3n de entrenamiento a puerta cerrada.<\/span><\/p>\n<p><span style=\"color: #000000;\">El astro brasile\u00f1o, que luce un corte de pelo rubio platino, \u00abtom\u00f3 un vuelo desde Sao Paulo el domingo por la noche antes de aterrizar en Par\u00eds a las 7h.30 este lunes\u00bb, seg\u00fan dicho medio. Neymar estaba acompa\u00f1ado por su \u00abfot\u00f3grafo personal y amigo Gil Cebola\u00bb en su regreso al Camp des Loges, centro de entrenamiento del PSG, seg\u00fan apunt\u00f3 el peri\u00f3dico Le Parisien.<\/span><\/p>\n<p><span style=\"color: #000000;\">El jugador y el Par\u00eds SG mantienen un distanciamiento desde que Neymar no se presentase el lunes pasado, fecha del comienzo de la pretemporada para el club parisino.<\/span><\/p>\n<p><span style=\"color: #000000;\">El entorno de la estrella justific\u00f3 su ausencia por compromisos adquiridos tiempo atr\u00e1s, como un torneo de f\u00fatbol ben\u00e9fico con su fundaci\u00f3n, el Instituto Neymar, en Praia Grande (Brasil), lo que no convenci\u00f3 al PSG, que prometi\u00f3 \u00abtomar las medidas oportunas\u00bb..<\/span><\/p>\n<p><strong><span style=\"color: #000000;\">Defendido por su padre<\/span><\/strong><\/p>\n<p><img fetchpriority=\"high\" decoding=\"async\" class=\"aligncenter size-full wp-image-42777\" src=\"http:\/\/elinformanteperu.com\/wp-content\/uploads\/2019\/01\/neymar-aeropuerto.jpg\" alt=\"\" width=\"1800\" height=\"1310\" srcset=\"https:\/\/elinformanteperu.com\/wp-content\/uploads\/2019\/01\/neymar-aeropuerto.jpg 1800w, https:\/\/elinformanteperu.com\/wp-content\/uploads\/2019\/01\/neymar-aeropuerto-300x218.jpg 300w, https:\/\/elinformanteperu.com\/wp-content\/uploads\/2019\/01\/neymar-aeropuerto-768x559.jpg 768w, https:\/\/elinformanteperu.com\/wp-content\/uploads\/2019\/01\/neymar-aeropuerto-1024x745.jpg 1024w, https:\/\/elinformanteperu.com\/wp-content\/uploads\/2019\/01\/neymar-aeropuerto-128x93.jpg 128w, https:\/\/elinformanteperu.com\/wp-content\/uploads\/2019\/01\/neymar-aeropuerto-32x23.jpg 32w\" sizes=\"(max-width: 1800px) 100vw, 1800px\" \/><span style=\"color: #000000;\">Neymar multiplic\u00f3 el pasado s\u00e1bado los gui\u00f1os hacia el FC Barcelona hasta el punto de evocar el traum\u00e1tico recuerdo de la remontada de la Champions de 2017 sobre el club parisino.<\/span><\/p>\n<p><span style=\"color: #000000;\">Algo percibido como una provocaci\u00f3n por los aficionados parisinos, que a\u00fan no han podido digerir la eliminaci\u00f3n de su equipo en octavos de final de la Liga de Campeones-2017 tras la humillante derrota 6-1 en el Camp Nou despu\u00e9s de que el PSG hubiese logrado un 4-0 en la ida.<\/span><\/p>\n<p><span style=\"color: #000000;\">Neymar anot\u00f3 dos goles en aquel fat\u00eddico partido para el PSG, y dio la asistencia del tanto definitivo en el tiempo a\u00f1adido.<\/span><\/p>\n<p><span style=\"color: #000000;\">Neymar Sr., su padre, que representa sus intereses, reaccion\u00f3 el domingo en su cuenta de Instagram, indicando que las declaraciones fueron sacadas de contexto y record\u00f3 que su hijo ya se hab\u00eda referido a ese partido como \u00abuno de los m\u00e1s importantes de su carrera\u00bb.<\/span><\/p>\n<p><span style=\"color: #000000;\">\u00abEn ning\u00fan momento falt\u00f3 al respeto al PSG o a los jugadores que disputaron ese partido en 2017\u00bb, algunos de los cuales son sus compa\u00f1eros en el club franc\u00e9s, escribi\u00f3 el padre.<\/span><\/p>\n<p><strong><span style=\"color: #000000;\">Escudo del Bar\u00e7a<\/span><\/strong><\/p>\n<p><img decoding=\"async\" class=\"aligncenter size-full wp-image-36361\" src=\"http:\/\/elinformanteperu.com\/wp-content\/uploads\/2018\/11\/neymar-barza.jpg\" alt=\"\" width=\"1800\" height=\"1196\" srcset=\"https:\/\/elinformanteperu.com\/wp-content\/uploads\/2018\/11\/neymar-barza.jpg 1800w, https:\/\/elinformanteperu.com\/wp-content\/uploads\/2018\/11\/neymar-barza-300x199.jpg 300w, https:\/\/elinformanteperu.com\/wp-content\/uploads\/2018\/11\/neymar-barza-768x510.jpg 768w, https:\/\/elinformanteperu.com\/wp-content\/uploads\/2018\/11\/neymar-barza-1024x680.jpg 1024w, https:\/\/elinformanteperu.com\/wp-content\/uploads\/2018\/11\/neymar-barza-128x85.jpg 128w, https:\/\/elinformanteperu.com\/wp-content\/uploads\/2018\/11\/neymar-barza-32x21.jpg 32w\" sizes=\"(max-width: 1800px) 100vw, 1800px\" \/><span style=\"color: #000000;\">\u00abNo son pocos los periodistas y aficionados de todo el mundo que consideran ese partido como el que m\u00e1s marc\u00f3 al jugador defendiendo un club. Entonces, \u00bfpor qu\u00e9 la pol\u00e9mica esta vez?\u00bb, agreg\u00f3.<\/span><\/p>\n<p><span style=\"color: #000000;\">El s\u00e1bado, el delantero de 27 a\u00f1os colg\u00f3 en Instagram un corto y enigm\u00e1tico video en el que aparece el escudo del FC Barcelona, acompa\u00f1ado por un verso de la Biblia: &#8216;Ning\u00fan arma forjada contra ti prosperar\u00e1&#8217;.<\/span><\/p>\n<p><span style=\"color: #000000;\">Pero su eventual regreso al Camp Nou est\u00e1 plagado de obst\u00e1culos, especialmente de tipo econ\u00f3mico.<\/span><\/p>\n<p><span style=\"color: #000000;\">Leonardo abri\u00f3 la puerta el martes pasado a una posible salida \u00absi hay una oferta que convenga a todo el mundo\u00bb, evocando simplemente \u00abcontactos muy superficiales con el Bar\u00e7a\u00bb.<\/span><\/p>\n<p><span style=\"color: #000000;\">Pero adem\u00e1s, el club azulgrana acaba de gastar 120 millones de euros en el pago de la cl\u00e1usula de rescisi\u00f3n de Antoine Griezmann.<\/span><\/p>\n<p><span style=\"color: #000000;\">Por \u00faltimo, el peri\u00f3dico deportivo catal\u00e1n Mundo Deportivo, afirm\u00f3 en su edici\u00f3n del domingo que Hacienda reclama 35 millones de euros a Neymar por un caso de fraude fiscal.<\/span><\/p>\n<p><span style=\"color: #000000;\">El exjugador del Santos, implicado desde junio en un caso de presunta violaci\u00f3n, es asimismo objeto de una investigaci\u00f3n por fraude fiscal en Brasil, seg\u00fan medios locales.<\/span><\/p>\n<p><img decoding=\"async\" class=\"aligncenter size-full wp-image-45833\" src=\"http:\/\/elinformanteperu.com\/wp-content\/uploads\/2019\/03\/NEYMAR-PSG.jpg\" alt=\"\" width=\"1800\" height=\"1201\" srcset=\"https:\/\/elinformanteperu.com\/wp-content\/uploads\/2019\/03\/NEYMAR-PSG.jpg 1800w, https:\/\/elinformanteperu.com\/wp-content\/uploads\/2019\/03\/NEYMAR-PSG-300x200.jpg 300w, https:\/\/elinformanteperu.com\/wp-content\/uploads\/2019\/03\/NEYMAR-PSG-768x512.jpg 768w, https:\/\/elinformanteperu.com\/wp-content\/uploads\/2019\/03\/NEYMAR-PSG-1024x683.jpg 1024w, https:\/\/elinformanteperu.com\/wp-content\/uploads\/2019\/03\/NEYMAR-PSG-128x85.jpg 128w, https:\/\/elinformanteperu.com\/wp-content\/uploads\/2019\/03\/NEYMAR-PSG-32x21.jpg 32w\" sizes=\"(max-width: 1800px) 100vw, 1800px\" \/><\/p>\n","protected":false},"excerpt":{"rendered":"<p>El esperado regreso ya se ha producido, pero la tensi\u00f3n se respira en el ambiente. Neymar se uni\u00f3 al grupo del Paris Saint Germain, mientras su club lo esperaba una semana atr\u00e1s. Lima, 15 Julio 2019, (ANDINA).- El esperado regreso ya se ha producido, pero la tensi\u00f3n se respira en el ambiente. Neymar se uni\u00f3 [&hellip;]<\/p>\n","protected":false},"author":1,"featured_media":53095,"comment_status":"open","ping_status":"open","sticky":false,"template":"","format":"standard","meta":{"rop_custom_images_group":[],"rop_custom_messages_group":[],"rop_publish_now":"initial","rop_publish_now_accounts":[],"rop_publish_now_history":[],"rop_publish_now_status":"pending","footnotes":""},"categories":[8],"tags":[88,1102],"class_list":["post-53094","post","type-post","status-publish","format-standard","has-post-thumbnail","hentry","category-disciplinas-deportivas","tag-neymar","tag-psg"],"_links":{"self":[{"href":"https:\/\/elinformanteperu.com\/index.php\/wp-json\/wp\/v2\/posts\/53094","targetHints":{"allow":["GET"]}}],"collection":[{"href":"https:\/\/elinformanteperu.com\/index.php\/wp-json\/wp\/v2\/posts"}],"about":[{"href":"https:\/\/elinformanteperu.com\/index.php\/wp-json\/wp\/v2\/types\/post"}],"author":[{"embeddable":true,"href":"https:\/\/elinformanteperu.com\/index.php\/wp-json\/wp\/v2\/users\/1"}],"replies":[{"embeddable":true,"href":"https:\/\/elinformanteperu.com\/index.php\/wp-json\/wp\/v2\/comments?post=53094"}],"version-history":[{"count":1,"href":"https:\/\/elinformanteperu.com\/index.php\/wp-json\/wp\/v2\/posts\/53094\/revisions"}],"predecessor-version":[{"id":53096,"href":"https:\/\/elinformanteperu.com\/index.php\/wp-json\/wp\/v2\/posts\/53094\/revisions\/53096"}],"wp:featuredmedia":[{"embeddable":true,"href":"https:\/\/elinformanteperu.com\/index.php\/wp-json\/wp\/v2\/media\/53095"}],"wp:attachment":[{"href":"https:\/\/elinformanteperu.com\/index.php\/wp-json\/wp\/v2\/media?parent=53094"}],"wp:term":[{"taxonomy":"category","embeddable":true,"href":"https:\/\/elinformanteperu.com\/index.php\/wp-json\/wp\/v2\/categories?post=53094"},{"taxonomy":"post_tag","embeddable":true,"href":"https:\/\/elinformanteperu.com\/index.php\/wp-json\/wp\/v2\/tags?post=53094"}],"curies":[{"name":"wp","href":"https:\/\/api.w.org\/{rel}","templated":true}]}}