{"id":53048,"date":"2019-07-15T00:04:04","date_gmt":"2019-07-15T05:04:04","guid":{"rendered":"http:\/\/elinformanteperu.com\/?p=53048"},"modified":"2019-07-15T00:04:04","modified_gmt":"2019-07-15T05:04:04","slug":"acuerdo-de-fiscalia-con-josef-maiman-fue-entregado-al-poder-judicial","status":"publish","type":"post","link":"https:\/\/elinformanteperu.com\/index.php\/2019\/07\/15\/acuerdo-de-fiscalia-con-josef-maiman-fue-entregado-al-poder-judicial\/","title":{"rendered":"Acuerdo de Fiscal\u00eda con Josef Maiman fue entregado al Poder Judicial"},"content":{"rendered":"<p><strong><span style=\"color: #000000;\">El acuerdo suscrito entre el Ministerio P\u00fablico y el empresario Josef Maiman, ya se encuentra en el despacho del juez Richard Concepci\u00f3n Carhuancho.<\/span><\/strong><\/p>\n<p><span style=\"color: #000000;\"><strong>Lima, 14 Julio 2019, (ANDINA).-<\/strong> El acuerdo suscrito entre el Ministerio P\u00fablico y el empresario Josef Maiman, vinculado a pagos il\u00edcitos de la empresa Odebrecht para el expresidente Alejandro Toledo, ya se encuentra en el despacho del juez Richard Concepci\u00f3n Carhuancho y ser\u00e1 sustentado por el fiscal Jos\u00e9 Domingo P\u00e9rez.<\/span><\/p>\n<p><span style=\"color: #000000;\">El juez Concepci\u00f3n Carhuancho ser\u00e1 el encargado de proceder con el control de legalidad en una audiencia reservada y en presencia de las partes involucradas: El Ministerio P\u00fablico, la procuradur\u00eda del caso y la defensa de Maiman. No participar\u00e1n los abogados de Toledo, seg\u00fan El Comercio.<\/span><\/p>\n<p><span style=\"color: #000000;\">Maiman declar\u00f3 ante miembros del Equipo Especial Lava Jato sobre los pagos de Odebrecht a cambio de los tramos 2 y 3 de la carretera Interoce\u00e1nica, los sobornos recibidos de Camargo Correa y el caso Ecoteva, temas que involucran al expresidente Toledo<\/span><\/p>\n<p><span style=\"color: #000000;\">Seg\u00fan el coordinador del Equipo Especial, Rafael Vela, el acuerdo de colaboraci\u00f3n con Josef Maiman fue fundamental para elaborar la acusaci\u00f3n contra el exmandatario por el Caso Ecoteva.<\/span><\/p>\n","protected":false},"excerpt":{"rendered":"<p>El acuerdo suscrito entre el Ministerio P\u00fablico y el empresario Josef Maiman, ya se encuentra en el despacho del juez Richard Concepci\u00f3n Carhuancho. Lima, 14 Julio 2019, (ANDINA).- El acuerdo suscrito entre el Ministerio P\u00fablico y el empresario Josef Maiman, vinculado a pagos il\u00edcitos de la empresa Odebrecht para el expresidente Alejandro Toledo, ya se [&hellip;]<\/p>\n","protected":false},"author":1,"featured_media":53049,"comment_status":"open","ping_status":"open","sticky":false,"template":"","format":"standard","meta":{"rop_custom_images_group":[],"rop_custom_messages_group":[],"rop_publish_now":"initial","rop_publish_now_accounts":[],"rop_publish_now_history":[],"rop_publish_now_status":"pending","footnotes":""},"categories":[5],"tags":[208,1955,370,297],"class_list":["post-53048","post","type-post","status-publish","format-standard","has-post-thumbnail","hentry","category-actualidad-informativa","tag-alejandro-toledo","tag-josef-maiman","tag-ministerio-publico","tag-richard-concepcion-carhuancho"],"_links":{"self":[{"href":"https:\/\/elinformanteperu.com\/index.php\/wp-json\/wp\/v2\/posts\/53048","targetHints":{"allow":["GET"]}}],"collection":[{"href":"https:\/\/elinformanteperu.com\/index.php\/wp-json\/wp\/v2\/posts"}],"about":[{"href":"https:\/\/elinformanteperu.com\/index.php\/wp-json\/wp\/v2\/types\/post"}],"author":[{"embeddable":true,"href":"https:\/\/elinformanteperu.com\/index.php\/wp-json\/wp\/v2\/users\/1"}],"replies":[{"embeddable":true,"href":"https:\/\/elinformanteperu.com\/index.php\/wp-json\/wp\/v2\/comments?post=53048"}],"version-history":[{"count":1,"href":"https:\/\/elinformanteperu.com\/index.php\/wp-json\/wp\/v2\/posts\/53048\/revisions"}],"predecessor-version":[{"id":53050,"href":"https:\/\/elinformanteperu.com\/index.php\/wp-json\/wp\/v2\/posts\/53048\/revisions\/53050"}],"wp:featuredmedia":[{"embeddable":true,"href":"https:\/\/elinformanteperu.com\/index.php\/wp-json\/wp\/v2\/media\/53049"}],"wp:attachment":[{"href":"https:\/\/elinformanteperu.com\/index.php\/wp-json\/wp\/v2\/media?parent=53048"}],"wp:term":[{"taxonomy":"category","embeddable":true,"href":"https:\/\/elinformanteperu.com\/index.php\/wp-json\/wp\/v2\/categories?post=53048"},{"taxonomy":"post_tag","embeddable":true,"href":"https:\/\/elinformanteperu.com\/index.php\/wp-json\/wp\/v2\/tags?post=53048"}],"curies":[{"name":"wp","href":"https:\/\/api.w.org\/{rel}","templated":true}]}}