{"id":53039,"date":"2019-07-14T23:36:48","date_gmt":"2019-07-15T04:36:48","guid":{"rendered":"http:\/\/elinformanteperu.com\/?p=53039"},"modified":"2019-07-14T23:36:48","modified_gmt":"2019-07-15T04:36:48","slug":"gobierno-ratifica-llamado-al-dialogo-para-despejar-dudas-sobre-proyecto-tia-maria","status":"publish","type":"post","link":"https:\/\/elinformanteperu.com\/index.php\/2019\/07\/14\/gobierno-ratifica-llamado-al-dialogo-para-despejar-dudas-sobre-proyecto-tia-maria\/","title":{"rendered":"Gobierno ratifica llamado al di\u00e1logo para despejar dudas sobre proyecto T\u00eda Mar\u00eda"},"content":{"rendered":"<p><strong><span style=\"color: #000000;\">El ministro de Energ\u00eda y Minas, Francisco \u00cdsmodes Mezzano, exhort\u00f3 al gobernador regional de Arequipa y a las autoridades de la provincia de Islay y del Valle de Tambo a reflexionar.<\/span><\/strong><\/p>\n<p><span style=\"color: #000000;\"><strong>Arequipa, 14 Julio 2019, (ANDINA).-<\/strong> El ministro de Energ\u00eda y Minas, Francisco \u00cdsmodes Mezzano, exhort\u00f3 al gobernador regional de Arequipa y a las autoridades de la provincia de Islay y del Valle de Tambo a reflexionar juntos en un espacio de di\u00e1logo que permita construir soluciones y consensos para el desarrollo productivo y el cierre de brechas en esta zona del pa\u00eds.<\/span><\/p>\n<p><span style=\"color: #000000;\">En ese sentido, \u00cdsmodes destac\u00f3 que el Ejecutivo ha enviado oficios a la autoridad regional y a los alcaldes locales en los que reafirma su disposici\u00f3n para atender las preocupaciones y dudas respecto al proyecto minero T\u00eda Mar\u00eda.<\/span><\/p>\n<p><span style=\"color: #000000;\">\u201cQueremos dialogar y trabajar de manera conjunta (con las autoridades arequipe\u00f1as) acciones concretas que brinden la seguridad de que el proyecto no generar\u00e1 perjuicio alguno a los agricultores ni a los habitantes del valle\u201d, indic\u00f3 hoy el ministro.<\/span><\/p>\n<p><span style=\"color: #000000;\">\u00cdsmodes Mezzano destac\u00f3 que el Gobierno ha dado una soluci\u00f3n equilibrada al proyecto T\u00eda Mar\u00eda pues se ha cumplido con el marco legal al otorgarle la licencia de construcci\u00f3n y se ha reconocido las preocupaciones de las personas que se oponen a su ejecuci\u00f3n.<\/span><\/p>\n<p><span style=\"color: #000000;\">Tambi\u00e9n lea: T\u00eda Mar\u00eda generar\u00e1 m\u00e1s de S\/ 5,000 millones para gobiernos locales y regi\u00f3n Arequipa<\/span><\/p>\n<p><span style=\"color: #000000;\">Al respecto, record\u00f3 que el titular de la iniciativa, la empresa Southern Peru Copper Corporation, asumi\u00f3, por escrito, la obligaci\u00f3n de no iniciar la ejecuci\u00f3n de T\u00eda Mar\u00eda \u201csin antes generar, en coordinaci\u00f3n con el Ejecutivo, espacios de dialogo donde se brinden las respuestas y garant\u00edas que la poblaci\u00f3n necesita y requiere\u201d.<\/span><\/p>\n<p><span style=\"color: #000000;\">Asimismo, se\u00f1al\u00f3 que el Gobierno ha venido reuni\u00e9ndose e informando a las autoridades regionales y locales sobre el proceso administrativo que se ten\u00eda que cumplir para otorgar la licencia de construcci\u00f3n, as\u00ed como de los proyectos de desarrollo que se busca implementar en el Valle de Tambo.<\/span><\/p>\n<p><span style=\"color: #000000;\">\u201cEs importante que se despolitice la oposici\u00f3n al proyecto T\u00eda Mar\u00eda, m\u00e1s bien hay que enfocarnos en soluciones y propuestas t\u00e9cnicas que permitan a la regi\u00f3n Arequipa aprovechar los recursos que generan este tipo de inversiones\u201d, se\u00f1al\u00f3 Francisco \u00cdsmodes,<\/span><\/p>\n<p><span style=\"color: #000000;\">Finalmente, sostuvo que es responsabilidad de las autoridades y los peruanos aprovechar los recursos naturales que tiene el pa\u00eds.<\/span><\/p>\n","protected":false},"excerpt":{"rendered":"<p>El ministro de Energ\u00eda y Minas, Francisco \u00cdsmodes Mezzano, exhort\u00f3 al gobernador regional de Arequipa y a las autoridades de la provincia de Islay y del Valle de Tambo a reflexionar. Arequipa, 14 Julio 2019, (ANDINA).- El ministro de Energ\u00eda y Minas, Francisco \u00cdsmodes Mezzano, exhort\u00f3 al gobernador regional de Arequipa y a las autoridades [&hellip;]<\/p>\n","protected":false},"author":1,"featured_media":53040,"comment_status":"open","ping_status":"open","sticky":false,"template":"","format":"standard","meta":{"rop_custom_images_group":[],"rop_custom_messages_group":[],"rop_publish_now":"initial","rop_publish_now_accounts":[],"rop_publish_now_history":[],"rop_publish_now_status":"pending","footnotes":""},"categories":[5],"tags":[769,3686,823,322,4628],"class_list":["post-53039","post","type-post","status-publish","format-standard","has-post-thumbnail","hentry","category-actualidad-informativa","tag-arequipa","tag-francisco-ismodes","tag-mem","tag-ministerio-de-energia-y-minas","tag-tia-maria"],"_links":{"self":[{"href":"https:\/\/elinformanteperu.com\/index.php\/wp-json\/wp\/v2\/posts\/53039","targetHints":{"allow":["GET"]}}],"collection":[{"href":"https:\/\/elinformanteperu.com\/index.php\/wp-json\/wp\/v2\/posts"}],"about":[{"href":"https:\/\/elinformanteperu.com\/index.php\/wp-json\/wp\/v2\/types\/post"}],"author":[{"embeddable":true,"href":"https:\/\/elinformanteperu.com\/index.php\/wp-json\/wp\/v2\/users\/1"}],"replies":[{"embeddable":true,"href":"https:\/\/elinformanteperu.com\/index.php\/wp-json\/wp\/v2\/comments?post=53039"}],"version-history":[{"count":1,"href":"https:\/\/elinformanteperu.com\/index.php\/wp-json\/wp\/v2\/posts\/53039\/revisions"}],"predecessor-version":[{"id":53041,"href":"https:\/\/elinformanteperu.com\/index.php\/wp-json\/wp\/v2\/posts\/53039\/revisions\/53041"}],"wp:featuredmedia":[{"embeddable":true,"href":"https:\/\/elinformanteperu.com\/index.php\/wp-json\/wp\/v2\/media\/53040"}],"wp:attachment":[{"href":"https:\/\/elinformanteperu.com\/index.php\/wp-json\/wp\/v2\/media?parent=53039"}],"wp:term":[{"taxonomy":"category","embeddable":true,"href":"https:\/\/elinformanteperu.com\/index.php\/wp-json\/wp\/v2\/categories?post=53039"},{"taxonomy":"post_tag","embeddable":true,"href":"https:\/\/elinformanteperu.com\/index.php\/wp-json\/wp\/v2\/tags?post=53039"}],"curies":[{"name":"wp","href":"https:\/\/api.w.org\/{rel}","templated":true}]}}