{"id":52907,"date":"2019-07-12T23:56:27","date_gmt":"2019-07-13T04:56:27","guid":{"rendered":"http:\/\/elinformanteperu.com\/?p=52907"},"modified":"2019-07-12T23:56:27","modified_gmt":"2019-07-13T04:56:27","slug":"la-u-tendra-los-centrales-que-defendieron-a-peru-en-el-mundial-rusia-2018","status":"publish","type":"post","link":"https:\/\/elinformanteperu.com\/index.php\/2019\/07\/12\/la-u-tendra-los-centrales-que-defendieron-a-peru-en-el-mundial-rusia-2018\/","title":{"rendered":"La \u201cU\u201d tendr\u00e1 los centrales que defendieron a Per\u00fa en el mundial Rusia 2018"},"content":{"rendered":"<p><strong><span style=\"color: #000000;\">La \u201cU\u201d contin\u00faa reforz\u00e1ndose para el reinicio del torneo. En las redes sociales el club crema confirm\u00f3 la contrataci\u00f3n del zaguero peruano Christian Ramos.<\/span><\/strong><\/p>\n<p><span style=\"color: #000000;\"><strong>Lima, 12 Julio 2019, (ANDINA).-<\/strong> La \u201cU\u201d contin\u00faa reforz\u00e1ndose para el reinicio del torneo. En las redes sociales el club crema confirm\u00f3 la contrataci\u00f3n del zaguero peruano Christian Ramos.<\/span><\/p>\n<p><span style=\"color: #000000;\">A trav\u00e9s del Twitter, la \u201cU\u201d le dio la bienvenida a Ramos, futbolista de dilatada trayectoria en equipos de Per\u00fa y del extranjero y jugador de la selecci\u00f3n peruana de f\u00fatbol en las \u00faltimas clasificatorias y en la Copa del Mundo Rusia 2018.<\/span><\/p>\n<p><span style=\"color: #000000;\">Con la contrataci\u00f3n de Ramos, el club de Odriozola tendr\u00e1 la zaga que defendi\u00f3 a Per\u00fa en gran parte de las clasificatorias y en el propio mundial de Rusia, pues en su planilla tambi\u00e9n se encuentra el defensa Alberto Rodr\u00edguez, quien se viene recuperando de una larga lesi\u00f3n.<\/span><\/p>\n<p><span style=\"color: #000000;\">La dupla Rodr\u00edguez-Ramos aline\u00f3 en los encuentros mundialistas de Per\u00fa contra Dinamarca y contra Francia.<\/span><\/p>\n<p><span style=\"color: #000000;\">En el \u00faltimo partido de ese torneo, contra Australia, Santamar\u00eda reemplaz\u00f3 a Rodr\u00edguez e hizo pareja con Ramos.<\/span><\/p>\n<p><img fetchpriority=\"high\" decoding=\"async\" class=\"aligncenter size-full wp-image-32828\" src=\"http:\/\/elinformanteperu.com\/wp-content\/uploads\/2018\/09\/universitario4450.jpg\" alt=\"\" width=\"1800\" height=\"1200\" srcset=\"https:\/\/elinformanteperu.com\/wp-content\/uploads\/2018\/09\/universitario4450.jpg 1800w, https:\/\/elinformanteperu.com\/wp-content\/uploads\/2018\/09\/universitario4450-300x200.jpg 300w, https:\/\/elinformanteperu.com\/wp-content\/uploads\/2018\/09\/universitario4450-768x512.jpg 768w, https:\/\/elinformanteperu.com\/wp-content\/uploads\/2018\/09\/universitario4450-1024x683.jpg 1024w, https:\/\/elinformanteperu.com\/wp-content\/uploads\/2018\/09\/universitario4450-128x85.jpg 128w, https:\/\/elinformanteperu.com\/wp-content\/uploads\/2018\/09\/universitario4450-32x21.jpg 32w\" sizes=\"(max-width: 1800px) 100vw, 1800px\" \/><\/p>\n","protected":false},"excerpt":{"rendered":"<p>La \u201cU\u201d contin\u00faa reforz\u00e1ndose para el reinicio del torneo. En las redes sociales el club crema confirm\u00f3 la contrataci\u00f3n del zaguero peruano Christian Ramos. Lima, 12 Julio 2019, (ANDINA).- La \u201cU\u201d contin\u00faa reforz\u00e1ndose para el reinicio del torneo. En las redes sociales el club crema confirm\u00f3 la contrataci\u00f3n del zaguero peruano Christian Ramos. A trav\u00e9s [&hellip;]<\/p>\n","protected":false},"author":1,"featured_media":52908,"comment_status":"open","ping_status":"open","sticky":false,"template":"","format":"standard","meta":{"rop_custom_images_group":[],"rop_custom_messages_group":[],"rop_publish_now":"initial","rop_publish_now_accounts":[],"rop_publish_now_history":[],"rop_publish_now_status":"pending","footnotes":""},"categories":[8],"tags":[138,4619,144],"class_list":["post-52907","post","type-post","status-publish","format-standard","has-post-thumbnail","hentry","category-disciplinas-deportivas","tag-christian-ramos","tag-clausura-2019","tag-universitario-de-deportes"],"_links":{"self":[{"href":"https:\/\/elinformanteperu.com\/index.php\/wp-json\/wp\/v2\/posts\/52907","targetHints":{"allow":["GET"]}}],"collection":[{"href":"https:\/\/elinformanteperu.com\/index.php\/wp-json\/wp\/v2\/posts"}],"about":[{"href":"https:\/\/elinformanteperu.com\/index.php\/wp-json\/wp\/v2\/types\/post"}],"author":[{"embeddable":true,"href":"https:\/\/elinformanteperu.com\/index.php\/wp-json\/wp\/v2\/users\/1"}],"replies":[{"embeddable":true,"href":"https:\/\/elinformanteperu.com\/index.php\/wp-json\/wp\/v2\/comments?post=52907"}],"version-history":[{"count":1,"href":"https:\/\/elinformanteperu.com\/index.php\/wp-json\/wp\/v2\/posts\/52907\/revisions"}],"predecessor-version":[{"id":52909,"href":"https:\/\/elinformanteperu.com\/index.php\/wp-json\/wp\/v2\/posts\/52907\/revisions\/52909"}],"wp:featuredmedia":[{"embeddable":true,"href":"https:\/\/elinformanteperu.com\/index.php\/wp-json\/wp\/v2\/media\/52908"}],"wp:attachment":[{"href":"https:\/\/elinformanteperu.com\/index.php\/wp-json\/wp\/v2\/media?parent=52907"}],"wp:term":[{"taxonomy":"category","embeddable":true,"href":"https:\/\/elinformanteperu.com\/index.php\/wp-json\/wp\/v2\/categories?post=52907"},{"taxonomy":"post_tag","embeddable":true,"href":"https:\/\/elinformanteperu.com\/index.php\/wp-json\/wp\/v2\/tags?post=52907"}],"curies":[{"name":"wp","href":"https:\/\/api.w.org\/{rel}","templated":true}]}}