{"id":52866,"date":"2019-07-11T21:13:07","date_gmt":"2019-07-12T02:13:07","guid":{"rendered":"http:\/\/elinformanteperu.com\/?p=52866"},"modified":"2019-07-11T21:13:07","modified_gmt":"2019-07-12T02:13:07","slug":"presidente-martin-vizcarra-y-ministros-de-estado-comparten-suenos-y-compromisos-por-la-educacion","status":"publish","type":"post","link":"https:\/\/elinformanteperu.com\/index.php\/2019\/07\/11\/presidente-martin-vizcarra-y-ministros-de-estado-comparten-suenos-y-compromisos-por-la-educacion\/","title":{"rendered":"Presidente Mart\u00edn Vizcarra y ministros de Estado comparten sue\u00f1os y compromisos por la educaci\u00f3n"},"content":{"rendered":"<p><strong><span style=\"color: #000000;\">El presidente de la Rep\u00fablica, Mart\u00edn Vizcarra; el presidente del Consejo de Ministros, Salvador del Solar; y los ministros de Estado, expresaron sus deseos y compromisos por una mejor educaci\u00f3n.<\/span><\/strong><\/p>\n<p><span style=\"color: #000000;\"><strong>Lima, 11 Julio 2019, (El Informante Per\u00fa).-<\/strong> El presidente de la Rep\u00fablica, Mart\u00edn Vizcarra; el presidente del Consejo de Ministros, Salvador del Solar; y los ministros de Estado, expresaron sus deseos y compromisos por una mejor educaci\u00f3n, llenando la encuesta virtual por el Proyecto Educativo Nacional 2021-2036, que promueve el Consejo Nacional de Educaci\u00f3n, en coordinaci\u00f3n con el Ministerio de Educaci\u00f3n.<\/span><\/p>\n<p><span style=\"color: #000000;\">Durante el desarrollo del \u00faltimo Consejo de Ministros, la ministra de Educaci\u00f3n, Flor Pablo Medina; brind\u00f3 detalles sobre los avances en el proceso de di\u00e1logo y consulta que se realiza en todo el pa\u00eds, con el objetivo de recoger los aportes de la ciudadan\u00eda para la formulaci\u00f3n del nuevo Proyecto Educativo Nacional, que ser\u00e1 una pol\u00edtica multisectorial y que brindar\u00e1 orientaciones estrat\u00e9gicas para los pr\u00f3ximos 15 a\u00f1os. \u201cA la fecha, se han registrado m\u00e1s de 25 mil encuestas y han participado, en jornadas y talleres por la educaci\u00f3n, otras 25 mil personas de todas las regiones del pa\u00eds. Todos los ciudadanos tienen el derecho y la oportunidad de participar de esta consulta ciudadana\u201d indic\u00f3.<\/span><\/p>\n<p><img fetchpriority=\"high\" decoding=\"async\" class=\"aligncenter size-full wp-image-52868\" src=\"http:\/\/elinformanteperu.com\/wp-content\/uploads\/2019\/07\/Flor-Pablo.jpg\" alt=\"\" width=\"772\" height=\"512\" srcset=\"https:\/\/elinformanteperu.com\/wp-content\/uploads\/2019\/07\/Flor-Pablo.jpg 772w, https:\/\/elinformanteperu.com\/wp-content\/uploads\/2019\/07\/Flor-Pablo-300x199.jpg 300w, https:\/\/elinformanteperu.com\/wp-content\/uploads\/2019\/07\/Flor-Pablo-768x509.jpg 768w, https:\/\/elinformanteperu.com\/wp-content\/uploads\/2019\/07\/Flor-Pablo-128x85.jpg 128w, https:\/\/elinformanteperu.com\/wp-content\/uploads\/2019\/07\/Flor-Pablo-32x21.jpg 32w\" sizes=\"(max-width: 772px) 100vw, 772px\" \/><span style=\"color: #000000;\">Asimismo, invit\u00f3 a los presentes a llenar la encuesta virtual y a promover la participaci\u00f3n de los colaboradores de cada sector, as\u00ed como a los ciudadanos y organizaciones con los que trabajan directamente para que sus propuestas tambi\u00e9n sean recogidas.<\/span><\/p>\n<p><span style=\"color: #000000;\">El primer ministro, Salvador del Solar, comparti\u00f3 con el CNE su sue\u00f1o por la Educaci\u00f3n: \u201cSue\u00f1o con una educaci\u00f3n que fomente la creatividad, la independencia de criterio, la aceptaci\u00f3n a la discrepancia, la admiraci\u00f3n y el respeto por la diversidad y la diferencia, la igualdad de oportunidades para las mujeres y la b\u00fasqueda de desaf\u00edos, con tolerancia a la frustraci\u00f3n\u201d.<\/span><\/p>\n<p><span style=\"color: #000000;\">El CNE invoca a la ciudadan\u00eda (a partir de los 9 a\u00f1os de edad) a brindar sus aportes y compromisos con la educaci\u00f3n del Per\u00fa, a trav\u00e9s de <strong>www.todossomoseducadores.pe<\/strong><\/span><\/p>\n","protected":false},"excerpt":{"rendered":"<p>El presidente de la Rep\u00fablica, Mart\u00edn Vizcarra; el presidente del Consejo de Ministros, Salvador del Solar; y los ministros de Estado, expresaron sus deseos y compromisos por una mejor educaci\u00f3n. Lima, 11 Julio 2019, (El Informante Per\u00fa).- El presidente de la Rep\u00fablica, Mart\u00edn Vizcarra; el presidente del Consejo de Ministros, Salvador del Solar; y los [&hellip;]<\/p>\n","protected":false},"author":1,"featured_media":52867,"comment_status":"open","ping_status":"open","sticky":false,"template":"","format":"standard","meta":{"rop_custom_images_group":[],"rop_custom_messages_group":[],"rop_publish_now":"initial","rop_publish_now_accounts":[],"rop_publish_now_history":[],"rop_publish_now_status":"pending","footnotes":""},"categories":[10],"tags":[4622,4623,289,189,473],"class_list":["post-52866","post","type-post","status-publish","format-standard","has-post-thumbnail","hentry","category-actualidad-municipal","tag-cne","tag-consejo-nacional-de-educacion","tag-martin-vizcarra","tag-pcm","tag-salvador-del-solar"],"_links":{"self":[{"href":"https:\/\/elinformanteperu.com\/index.php\/wp-json\/wp\/v2\/posts\/52866","targetHints":{"allow":["GET"]}}],"collection":[{"href":"https:\/\/elinformanteperu.com\/index.php\/wp-json\/wp\/v2\/posts"}],"about":[{"href":"https:\/\/elinformanteperu.com\/index.php\/wp-json\/wp\/v2\/types\/post"}],"author":[{"embeddable":true,"href":"https:\/\/elinformanteperu.com\/index.php\/wp-json\/wp\/v2\/users\/1"}],"replies":[{"embeddable":true,"href":"https:\/\/elinformanteperu.com\/index.php\/wp-json\/wp\/v2\/comments?post=52866"}],"version-history":[{"count":1,"href":"https:\/\/elinformanteperu.com\/index.php\/wp-json\/wp\/v2\/posts\/52866\/revisions"}],"predecessor-version":[{"id":52869,"href":"https:\/\/elinformanteperu.com\/index.php\/wp-json\/wp\/v2\/posts\/52866\/revisions\/52869"}],"wp:featuredmedia":[{"embeddable":true,"href":"https:\/\/elinformanteperu.com\/index.php\/wp-json\/wp\/v2\/media\/52867"}],"wp:attachment":[{"href":"https:\/\/elinformanteperu.com\/index.php\/wp-json\/wp\/v2\/media?parent=52866"}],"wp:term":[{"taxonomy":"category","embeddable":true,"href":"https:\/\/elinformanteperu.com\/index.php\/wp-json\/wp\/v2\/categories?post=52866"},{"taxonomy":"post_tag","embeddable":true,"href":"https:\/\/elinformanteperu.com\/index.php\/wp-json\/wp\/v2\/tags?post=52866"}],"curies":[{"name":"wp","href":"https:\/\/api.w.org\/{rel}","templated":true}]}}