{"id":52862,"date":"2019-07-11T06:15:16","date_gmt":"2019-07-11T11:15:16","guid":{"rendered":"http:\/\/elinformanteperu.com\/?p=52862"},"modified":"2019-07-11T06:15:16","modified_gmt":"2019-07-11T11:15:16","slug":"en-el-pais-no-hay-presos-politicos-dice-choquehuanca-sobre-keiko-fujimori","status":"publish","type":"post","link":"https:\/\/elinformanteperu.com\/index.php\/2019\/07\/11\/en-el-pais-no-hay-presos-politicos-dice-choquehuanca-sobre-keiko-fujimori\/","title":{"rendered":"En el pa\u00eds no hay presos pol\u00edticos, dice Choquehuanca sobre Keiko Fujimori"},"content":{"rendered":"<p><strong><span style=\"color: #000000;\">En el pa\u00eds no hay presos pol\u00edticos, asegur\u00f3 la vocera alterna de la bancada Peruanos por el Kambio (PPK), Ana Mar\u00eda Choquehuanca.<\/span><\/strong><\/p>\n<p><span style=\"color: #000000;\"><strong>Lima, 10 Julio 2019, (ANDINA).-<\/strong> En el pa\u00eds no hay presos pol\u00edticos, asegur\u00f3 la vocera alterna de la bancada Peruanos por el Kambio (PPK), Ana Mar\u00eda Choquehuanca, sobre la campa\u00f1a anunciada por Fuerza Popular para denunciar la carceler\u00eda de la lideresa de su partido, Keiko Fujimori.<\/span><\/p>\n<p><span style=\"color: #000000;\">Indic\u00f3 que ella no comparte la posici\u00f3n de este grupo pol\u00edtico que considera a Fujimori Higuchi como una presa pol\u00edtica y anunci\u00f3 que denunciar\u00e1n su situaci\u00f3n ante la comunidad internacional.<\/span><\/p>\n<p><span style=\"color: #000000;\">\u201cTodos tienen derecho de hacer lo que consideren, pero cabe aclarar que presos pol\u00edticos no hay en el pa\u00eds, no me sumo a esta forma de ver las cosas\u201d, declar\u00f3 a la Agencia Andina.<\/span><\/p>\n<p><strong><span style=\"color: #000000;\">Di\u00e1logo abierto por T\u00eda Mar\u00eda<\/span><\/strong><\/p>\n<p><span style=\"color: #000000;\">La parlamentaria oficialista tambi\u00e9n se\u00f1al\u00f3 que las autoridades de Arequipa, as\u00ed como los parlamentarios de esta regi\u00f3n no pueden convertirse en parte del problema ante la autorizaci\u00f3n del proyecto minero t\u00eda Mar\u00eda, sino que deben plantear soluciones.<\/span><\/p>\n<p><span style=\"color: #000000;\">Apunt\u00f3 que no se puede politizar este tema y que debe haber un di\u00e1logo abierto del Ejecutivo, a trav\u00e9s de sus ministros, con la poblaci\u00f3n.<\/span><\/p>\n<p><span style=\"color: #000000;\">\u201cHay que plantear una soluci\u00f3n viable, se ha dado la licencia y la mina se compromete a muchas cosas, hay que garantizar que los compromisos se cumplan, la inversi\u00f3n es necesaria, pero que se garanticen que no da\u00f1ar\u00e1 la zona, que habr\u00e1 agua para la agricultura, empleo\u201d, afirm\u00f3.<\/span><\/p>\n<p><span style=\"color: #000000;\">En ese sentido, la parlamentaria que representa a la regi\u00f3n Arequipa, indic\u00f3 que el gobernador regional de Arequipa no puede alentar el conflicto, porque su responsabilidad es generar el bienestar de la poblaci\u00f3n y plantear soluciones.<\/span><\/p>\n","protected":false},"excerpt":{"rendered":"<p>En el pa\u00eds no hay presos pol\u00edticos, asegur\u00f3 la vocera alterna de la bancada Peruanos por el Kambio (PPK), Ana Mar\u00eda Choquehuanca. Lima, 10 Julio 2019, (ANDINA).- En el pa\u00eds no hay presos pol\u00edticos, asegur\u00f3 la vocera alterna de la bancada Peruanos por el Kambio (PPK), Ana Mar\u00eda Choquehuanca, sobre la campa\u00f1a anunciada por Fuerza [&hellip;]<\/p>\n","protected":false},"author":1,"featured_media":52863,"comment_status":"open","ping_status":"open","sticky":false,"template":"","format":"standard","meta":{"rop_custom_images_group":[],"rop_custom_messages_group":[],"rop_publish_now":"initial","rop_publish_now_accounts":[],"rop_publish_now_history":[],"rop_publish_now_status":"pending","footnotes":""},"categories":[5],"tags":[1960,192,557],"class_list":["post-52862","post","type-post","status-publish","format-standard","has-post-thumbnail","hentry","category-actualidad-informativa","tag-ana-maria-choquehuanca","tag-congreso","tag-keiko-fujimori"],"_links":{"self":[{"href":"https:\/\/elinformanteperu.com\/index.php\/wp-json\/wp\/v2\/posts\/52862","targetHints":{"allow":["GET"]}}],"collection":[{"href":"https:\/\/elinformanteperu.com\/index.php\/wp-json\/wp\/v2\/posts"}],"about":[{"href":"https:\/\/elinformanteperu.com\/index.php\/wp-json\/wp\/v2\/types\/post"}],"author":[{"embeddable":true,"href":"https:\/\/elinformanteperu.com\/index.php\/wp-json\/wp\/v2\/users\/1"}],"replies":[{"embeddable":true,"href":"https:\/\/elinformanteperu.com\/index.php\/wp-json\/wp\/v2\/comments?post=52862"}],"version-history":[{"count":1,"href":"https:\/\/elinformanteperu.com\/index.php\/wp-json\/wp\/v2\/posts\/52862\/revisions"}],"predecessor-version":[{"id":52864,"href":"https:\/\/elinformanteperu.com\/index.php\/wp-json\/wp\/v2\/posts\/52862\/revisions\/52864"}],"wp:featuredmedia":[{"embeddable":true,"href":"https:\/\/elinformanteperu.com\/index.php\/wp-json\/wp\/v2\/media\/52863"}],"wp:attachment":[{"href":"https:\/\/elinformanteperu.com\/index.php\/wp-json\/wp\/v2\/media?parent=52862"}],"wp:term":[{"taxonomy":"category","embeddable":true,"href":"https:\/\/elinformanteperu.com\/index.php\/wp-json\/wp\/v2\/categories?post=52862"},{"taxonomy":"post_tag","embeddable":true,"href":"https:\/\/elinformanteperu.com\/index.php\/wp-json\/wp\/v2\/tags?post=52862"}],"curies":[{"name":"wp","href":"https:\/\/api.w.org\/{rel}","templated":true}]}}