{"id":52657,"date":"2019-07-08T23:43:27","date_gmt":"2019-07-09T04:43:27","guid":{"rendered":"http:\/\/elinformanteperu.com\/?p=52657"},"modified":"2019-07-09T00:28:42","modified_gmt":"2019-07-09T05:28:42","slug":"fuerza-popular-tomara-acciones-internacionales-por-libertad-de-keiko-fujimori","status":"publish","type":"post","link":"https:\/\/elinformanteperu.com\/index.php\/2019\/07\/08\/fuerza-popular-tomara-acciones-internacionales-por-libertad-de-keiko-fujimori\/","title":{"rendered":"Fuerza Popular tomar\u00e1 acciones internacionales por libertad de Keiko Fujimori"},"content":{"rendered":"<p><strong><span style=\"color: #000000;\">La bancada de Fuerza Popular (FP) asegur\u00f3 que tomar\u00e1n acciones en el \u00e1mbito internacional para conseguir la libertar de su lideresa Keiko Fujimori.<\/span><\/strong><\/p>\n<p><span style=\"color: #000000;\"><strong>Lima, 08 Julio 2019, (ANDINA).-<\/strong> La bancada de Fuerza Popular (FP) asegur\u00f3 que tomar\u00e1n acciones en el \u00e1mbito internacional para conseguir la libertar de su lideresa Keiko Fujimori, quien cumple actualmente prisi\u00f3n preventiva por 36 meses ordenada por el Poder Judicial.<\/span><\/p>\n<p><span style=\"color: #000000;\">En conferencia de prensa brindada en el Congreso, el legislador Luis Galarreta anunci\u00f3 que se comunicar\u00e1n \u201ccon diferentes representantes de Parlamentos de Am\u00e9rica Latina y del mundo, con presidentes y con la OEA (\u2026)\u201d con ese objetivo.<\/span><\/p>\n<p><span style=\"color: #000000;\">En ese marco, Galarreta pidi\u00f3 al Poder Judicial fijar fecha cuanto antes para la vista del recurso de casaci\u00f3n interpuesto por la defensa de Keiko Fujimori, audiencia que se suspendi\u00f3 la semana pasada debido a la inhibici\u00f3n de uno de los jueces encargados del caso.<\/span><\/p>\n<p><span style=\"color: #000000;\">Por su parte, Carlos Tubino, vocero de la bancada fujimorista, ley\u00f3 un comunicado de su grupo pol\u00edtico a trav\u00e9s del cual denuncian ante la comunidad internacional y ante los representantes de otras naciones la situaci\u00f3n de \u201cabuso\u201d por la cual atraviesa su lideresa.<\/span><\/p>\n<p><span style=\"color: #000000;\">En el comunicado, reiteran que Keiko Fujimori est\u00e1 arbitrariamente privada de su libertad sin acusaci\u00f3n fiscal ni sentencia de ning\u00fan tipo, e investigada por hechos que no son delito.<\/span><\/p>\n<p><span style=\"color: #000000;\">Sostienen, adem\u00e1s, que la casaci\u00f3n en la Corte Suprema solicitada para recuperar su libertad no ha sido vista por \u201cpresi\u00f3n de fuerzas ajenas a las instituciones republicanas y democr\u00e1ticas que utilizan m\u00e9todos de cohersi\u00f3n mafiosos para que jueces y fiscales de la Sala Suprema se inhiban el mismo d\u00eda de la vista de la causa\u201d.<\/span><\/p>\n<p><span style=\"color: #000000;\">Al sostener que Keiko Fujimori es una \u201cpresa pol\u00edtica\u201d, el comunicado denuncia que sus derechos son violados por intromisiones del gobierno y de un sector de la prensa, por una ONG que recibe fondos del exterior, operadores pol\u00edticos, algunos medios y fiscales politizados y totalitarios.<\/span><\/p>\n<p><span style=\"color: #000000;\">Fujimori cumple 36 meses de prisi\u00f3n preventiva ordenada por el Poder Judicial a pedido de la fiscal\u00eda que la investiga por el presunto delito de lavado de activos en agravio del Estado cometido presuntamente al haber recibido dinero de la empresa Odebrecht para financiar su campa\u00f1a electoral del a\u00f1o 2011.<\/span><\/p>\n<p><span style=\"color: #000000;\">El Poder Judicial declar\u00f3 fundado el pedido de la fiscal\u00eda para detener a Fujimori al considerar v\u00e1lido la tesis de que mantenerla en libertad ocasionaba un grave riesgo procesal y de obstrucci\u00f3n a la justicia.<\/span><\/p>\n<p><iframe title=\"Fuerza Popular tomar\u00e1 acciones internacionales por libertad de Keiko Fujimori\" width=\"615\" height=\"346\" src=\"https:\/\/www.youtube.com\/embed\/4kdaipGS7v4?feature=oembed\" frameborder=\"0\" allow=\"accelerometer; autoplay; clipboard-write; encrypted-media; gyroscope; picture-in-picture; web-share\" referrerpolicy=\"strict-origin-when-cross-origin\" allowfullscreen><\/iframe><\/p>\n","protected":false},"excerpt":{"rendered":"<p>La bancada de Fuerza Popular (FP) asegur\u00f3 que tomar\u00e1n acciones en el \u00e1mbito internacional para conseguir la libertar de su lideresa Keiko Fujimori. Lima, 08 Julio 2019, (ANDINA).- La bancada de Fuerza Popular (FP) asegur\u00f3 que tomar\u00e1n acciones en el \u00e1mbito internacional para conseguir la libertar de su lideresa Keiko Fujimori, quien cumple actualmente prisi\u00f3n [&hellip;]<\/p>\n","protected":false},"author":1,"featured_media":52658,"comment_status":"open","ping_status":"open","sticky":false,"template":"","format":"standard","meta":{"rop_custom_images_group":[],"rop_custom_messages_group":[],"rop_publish_now":"initial","rop_publish_now_accounts":[],"rop_publish_now_history":[],"rop_publish_now_status":"pending","footnotes":""},"categories":[5],"tags":[192,295,557],"class_list":["post-52657","post","type-post","status-publish","format-standard","has-post-thumbnail","hentry","category-actualidad-informativa","tag-congreso","tag-fuerza-popular","tag-keiko-fujimori"],"_links":{"self":[{"href":"https:\/\/elinformanteperu.com\/index.php\/wp-json\/wp\/v2\/posts\/52657","targetHints":{"allow":["GET"]}}],"collection":[{"href":"https:\/\/elinformanteperu.com\/index.php\/wp-json\/wp\/v2\/posts"}],"about":[{"href":"https:\/\/elinformanteperu.com\/index.php\/wp-json\/wp\/v2\/types\/post"}],"author":[{"embeddable":true,"href":"https:\/\/elinformanteperu.com\/index.php\/wp-json\/wp\/v2\/users\/1"}],"replies":[{"embeddable":true,"href":"https:\/\/elinformanteperu.com\/index.php\/wp-json\/wp\/v2\/comments?post=52657"}],"version-history":[{"count":2,"href":"https:\/\/elinformanteperu.com\/index.php\/wp-json\/wp\/v2\/posts\/52657\/revisions"}],"predecessor-version":[{"id":52673,"href":"https:\/\/elinformanteperu.com\/index.php\/wp-json\/wp\/v2\/posts\/52657\/revisions\/52673"}],"wp:featuredmedia":[{"embeddable":true,"href":"https:\/\/elinformanteperu.com\/index.php\/wp-json\/wp\/v2\/media\/52658"}],"wp:attachment":[{"href":"https:\/\/elinformanteperu.com\/index.php\/wp-json\/wp\/v2\/media?parent=52657"}],"wp:term":[{"taxonomy":"category","embeddable":true,"href":"https:\/\/elinformanteperu.com\/index.php\/wp-json\/wp\/v2\/categories?post=52657"},{"taxonomy":"post_tag","embeddable":true,"href":"https:\/\/elinformanteperu.com\/index.php\/wp-json\/wp\/v2\/tags?post=52657"}],"curies":[{"name":"wp","href":"https:\/\/api.w.org\/{rel}","templated":true}]}}