{"id":5257,"date":"2017-01-29T23:33:08","date_gmt":"2017-01-30T04:33:08","guid":{"rendered":"http:\/\/elinformanteperu.com\/?p=5257"},"modified":"2018-02-07T00:32:54","modified_gmt":"2018-02-07T05:32:54","slug":"magaly-solier-continuare-promoviendo-nuestras-tradiciones","status":"publish","type":"post","link":"https:\/\/elinformanteperu.com\/index.php\/2017\/01\/29\/magaly-solier-continuare-promoviendo-nuestras-tradiciones\/","title":{"rendered":"Magaly Solier: \u201cContinuar\u00e9 promoviendo nuestras tradiciones\u201d"},"content":{"rendered":"<p><span style=\"color: #000000;\"><strong>La actriz y cantante, Magaly Solier\u00a0recibi\u00f3 distinci\u00f3n de \u201cArtista por la Paz\u201d de la UNESCO gracias a su trabajo permanente por transmitir la cultura peruana, sus lenguas nativas y costumbres.<\/strong><\/span><\/p>\n<p><span style=\"color: #000000;\"><strong>Lima, 26 Enero 2017, (El Informante Per\u00fa).-<\/strong> La actriz y cantante, Magaly Solier, recibi\u00f3 distinci\u00f3n de \u201cArtista por la Paz\u201d de la Organizaci\u00f3n de las Naciones Unidas para la Educaci\u00f3n, la Ciencia y la Cultura (UNESCO) gracias a su trabajo permanente por transmitir la cultura peruana, sus lenguas nativas y costumbres.<\/span><\/p>\n<p><span style=\"color: #000000;\">\u201cMe siento muy afortunada por el nombramiento de \u201cArtista por la Paz\u201d, y ahora m\u00e1s que nunca continuar\u00e9 con el trabajo de promover nuestras tradiciones y las pol\u00edticas de desarrollo que la Organizaci\u00f3n de las Naciones Unidas para la Educaci\u00f3n, la Ciencia y la Cultura (UNESCO) propone\u201d, expres\u00f3 Magaly Solier al conocer la designaci\u00f3n otorgada debido a su b\u00fasqueda permanente por transmitir la cultura peruana, sus costumbres, sus lenguas nativas y los derechos de las mujeres.<\/span><\/p>\n<p><span style=\"color: #000000;\">El Ministerio de Cultura destac\u00f3 que UNESCO nombr\u00f3 en la v\u00edspera a Solier Romero, natural de la provincia de Huanta, regi\u00f3n de Ayacucho, donde realiza un trabajo permanente por transmitir la cultura peruana, sus lenguas nativas y sus costumbres.<\/span><\/p>\n<p><span style=\"color: #000000;\">Emocionada, Magaly Solier a\u00f1adi\u00f3 \u201cme han elegido Artista por la Paz debido al trabajo que vengo realizando en favor de la difusi\u00f3n del arte, m\u00fasica y cine peruano, as\u00ed como de los derechos de las mujeres y este reconocimiento me motiva a\u00fan m\u00e1s a continuar con el trabajo\u201d. Cabe precisar que la distinci\u00f3n de \u201cArtista por la Paz\u201d tiene una duraci\u00f3n de dos a\u00f1os.<\/span><\/p>\n<p><span style=\"color: #000000;\">Para otorgar este cargo, UNESCO eval\u00faa la influencia, carisma y reputaci\u00f3n de la persona galardonada. Las personas elegidas deben contar un fuerte deseo de ayudar a movilizar los prop\u00f3sitos y principios de las Naciones Unidas y demostrar compromiso por llegar a p\u00fablicos importantes, incluidos los encargados de tomar decisiones en los pa\u00edses.<\/span><\/p>\n<p><span style=\"color: #000000;\"><img fetchpriority=\"high\" decoding=\"async\" class=\"size-full wp-image-5259 aligncenter\" src=\"http:\/\/elinformanteperu.com\/wp-content\/uploads\/2017\/01\/magaly-solier1.jpg\" alt=\"\" width=\"1200\" height=\"800\" srcset=\"https:\/\/elinformanteperu.com\/wp-content\/uploads\/2017\/01\/magaly-solier1.jpg 1200w, https:\/\/elinformanteperu.com\/wp-content\/uploads\/2017\/01\/magaly-solier1-300x200.jpg 300w, https:\/\/elinformanteperu.com\/wp-content\/uploads\/2017\/01\/magaly-solier1-768x512.jpg 768w, https:\/\/elinformanteperu.com\/wp-content\/uploads\/2017\/01\/magaly-solier1-1024x683.jpg 1024w, https:\/\/elinformanteperu.com\/wp-content\/uploads\/2017\/01\/magaly-solier1-128x85.jpg 128w, https:\/\/elinformanteperu.com\/wp-content\/uploads\/2017\/01\/magaly-solier1-32x21.jpg 32w\" sizes=\"(max-width: 1200px) 100vw, 1200px\" \/><\/span><\/p>\n","protected":false},"excerpt":{"rendered":"<p>La actriz y cantante, Magaly Solier\u00a0recibi\u00f3 distinci\u00f3n de \u201cArtista por la Paz\u201d de la UNESCO gracias a su trabajo permanente por transmitir la cultura peruana, sus lenguas nativas y costumbres. Lima, 26 Enero 2017, (El Informante Per\u00fa).- La actriz y cantante, Magaly Solier, recibi\u00f3 distinci\u00f3n de \u201cArtista por la Paz\u201d de la Organizaci\u00f3n de las [&hellip;]<\/p>\n","protected":false},"author":1,"featured_media":5258,"comment_status":"open","ping_status":"open","sticky":false,"template":"","format":"standard","meta":{"rop_custom_images_group":[],"rop_custom_messages_group":[],"rop_publish_now":"initial","rop_publish_now_accounts":[],"rop_publish_now_history":[],"rop_publish_now_status":"pending","footnotes":""},"categories":[70],"tags":[975],"class_list":["post-5257","post","type-post","status-publish","format-standard","has-post-thumbnail","hentry","category-farandula","tag-magaly-solier"],"_links":{"self":[{"href":"https:\/\/elinformanteperu.com\/index.php\/wp-json\/wp\/v2\/posts\/5257","targetHints":{"allow":["GET"]}}],"collection":[{"href":"https:\/\/elinformanteperu.com\/index.php\/wp-json\/wp\/v2\/posts"}],"about":[{"href":"https:\/\/elinformanteperu.com\/index.php\/wp-json\/wp\/v2\/types\/post"}],"author":[{"embeddable":true,"href":"https:\/\/elinformanteperu.com\/index.php\/wp-json\/wp\/v2\/users\/1"}],"replies":[{"embeddable":true,"href":"https:\/\/elinformanteperu.com\/index.php\/wp-json\/wp\/v2\/comments?post=5257"}],"version-history":[{"count":2,"href":"https:\/\/elinformanteperu.com\/index.php\/wp-json\/wp\/v2\/posts\/5257\/revisions"}],"predecessor-version":[{"id":22299,"href":"https:\/\/elinformanteperu.com\/index.php\/wp-json\/wp\/v2\/posts\/5257\/revisions\/22299"}],"wp:featuredmedia":[{"embeddable":true,"href":"https:\/\/elinformanteperu.com\/index.php\/wp-json\/wp\/v2\/media\/5258"}],"wp:attachment":[{"href":"https:\/\/elinformanteperu.com\/index.php\/wp-json\/wp\/v2\/media?parent=5257"}],"wp:term":[{"taxonomy":"category","embeddable":true,"href":"https:\/\/elinformanteperu.com\/index.php\/wp-json\/wp\/v2\/categories?post=5257"},{"taxonomy":"post_tag","embeddable":true,"href":"https:\/\/elinformanteperu.com\/index.php\/wp-json\/wp\/v2\/tags?post=5257"}],"curies":[{"name":"wp","href":"https:\/\/api.w.org\/{rel}","templated":true}]}}