{"id":52497,"date":"2019-07-07T10:12:55","date_gmt":"2019-07-07T15:12:55","guid":{"rendered":"http:\/\/elinformanteperu.com\/?p=52497"},"modified":"2019-07-07T10:12:55","modified_gmt":"2019-07-07T15:12:55","slug":"copa-america-gareca-el-responsable-del-renacer-y-auge-de-peru","status":"publish","type":"post","link":"https:\/\/elinformanteperu.com\/index.php\/2019\/07\/07\/copa-america-gareca-el-responsable-del-renacer-y-auge-de-peru\/","title":{"rendered":"Copa Am\u00e9rica: Gareca el responsable del renacer y auge de Per\u00fa"},"content":{"rendered":"<p><span style=\"color: #000000;\"><strong>Brasil sali\u00f3 de la penumbra con la l\u00e1mpara de Tite. Per\u00fa dej\u00f3 el purgatorio con las letan\u00edas de Gareca. Responsables por el renacer y auge de sus equipos, ambos entrenadores pondr\u00e1n a prueba sus poderes\u00a0<\/strong><\/span><\/p>\n<p><span style=\"color: #000000;\"><strong>Lima, 06 Julio 2019, (ANDINA).-<\/strong> Brasil sali\u00f3 de la penumbra con la l\u00e1mpara de Tite. Per\u00fa dej\u00f3 el purgatorio con las letan\u00edas de Gareca. Responsables por el renacer y auge de sus equipos, ambos entrenadores pondr\u00e1n a prueba sus poderes este domingo en el Maracan\u00e1, en la batalla final por la Copa Am\u00e9rica.<\/span><\/p>\n<p><span style=\"color: #000000;\">Aunque hoy sus anticuerpos con la hinchada son altos y se ha ganado abucheos en algunos partidos, Tite es el gestor de la mejor versi\u00f3n de Brasil de la \u00faltima d\u00e9cada.<\/span><\/p>\n<p><span style=\"color: #000000;\">Cuando era jugador de Argentina, el gol de Ricardo Gareca en 1985 puso el 2-2 contra Per\u00fa en las eliminatorias mundialistas. Los incas se fueron a un repechaje que perdieron y durante a\u00f1os nunca estuvieron tan cerca de ir a una Copa del Mundo.<\/span><\/p>\n<p><span style=\"color: #000000;\">El &#8216;Tigre&#8217; ser\u00eda luego el encargado de armar un equipo con jugadores que a\u00fan no hab\u00edan ancido cuando Per\u00fa fue por \u00faltima vez a un Mundial, en 1982.<\/span><\/p>\n<p><span style=\"color: #000000;\">Aunque fue un comienzo accidentado y lleno de cr\u00edticas, el trabajo t\u00e1ctico y psicol\u00f3gico hizo que los jugadores peruanos creyeran de nuevo en su talento.<\/span><\/p>\n<p><span style=\"color: #000000;\">El melenudo devolvi\u00f3 al Per\u00fa el toque r\u00e1pido de bal\u00f3n al ras del piso, le dio organizaci\u00f3n, orden y ganas de gol.<\/span><\/p>\n<p><span style=\"color: #000000;\">As\u00ed consigui\u00f3 llevar a Per\u00fa como \u00faltimo clasificado al Mundial de Rusia-2018, tras un repechaje con Nueva Zelanda. Era el retorno del los incas a una Copa del Mundo. Aunque los eliminaron en fase de grupos, segu\u00edan siendo h\u00e9roes.<\/span><\/p>\n<p><span style=\"color: #000000;\">Pese a estar sometido a mucha cr\u00edtica, el DT de 61 a\u00f1os y melena de rockero responde con resultados. Su equipo fue goleado 5-0 ante Brasil en fase de grupos en esta Copa Am\u00e9rica y la prensa lo destroz\u00f3.<\/span><\/p>\n<p><span style=\"color: #000000;\">Pero Gareca recuper\u00f3 r\u00e1pidamente a Per\u00fa, elimin\u00f3 por penales a Uruguay en cuartos y venci\u00f3 a Chile 3-0 en las semifinales.<\/span><\/p>\n<p><span style=\"color: #000000;\">Ahora est\u00e1n de vuelta el domingo en una final de Copa Am\u00e9rica despu\u00e9s de 44 a\u00f1os, donde enfrentar\u00e1n al favorito Brasil, que jam\u00e1s ha perdido este torneo como anfitri\u00f3n.<\/span><\/p>\n<p><span style=\"color: #000000;\">La Federaci\u00f3n Peruana de F\u00fatbol (FPF) tambi\u00e9n le ha reiterado la confianza para que siga al frente de Per\u00fa en las eliminatorias a Catar, en medio de rumores de una posible oferta para dirigir a su natal Argentina.<\/span><\/p>\n<p><span style=\"color: #000000;\">Una imagen de Gareca es recurrente. Cada vez que Per\u00fa hac\u00eda un gol y los jugadores entraban en emoci\u00f3n, este los llamaba, se llevaba los dedos \u00edndices a las sienes y les reclama calma: \u00abPens\u00e1\u00bb, les dec\u00eda.<\/span><\/p>\n<p><img fetchpriority=\"high\" decoding=\"async\" class=\"aligncenter size-full wp-image-51968\" src=\"http:\/\/elinformanteperu.com\/wp-content\/uploads\/2019\/06\/gareca-abram.jpg\" alt=\"\" width=\"1800\" height=\"1247\" srcset=\"https:\/\/elinformanteperu.com\/wp-content\/uploads\/2019\/06\/gareca-abram.jpg 1800w, https:\/\/elinformanteperu.com\/wp-content\/uploads\/2019\/06\/gareca-abram-300x208.jpg 300w, https:\/\/elinformanteperu.com\/wp-content\/uploads\/2019\/06\/gareca-abram-768x532.jpg 768w, https:\/\/elinformanteperu.com\/wp-content\/uploads\/2019\/06\/gareca-abram-1024x709.jpg 1024w, https:\/\/elinformanteperu.com\/wp-content\/uploads\/2019\/06\/gareca-abram-128x89.jpg 128w, https:\/\/elinformanteperu.com\/wp-content\/uploads\/2019\/06\/gareca-abram-32x22.jpg 32w\" sizes=\"(max-width: 1800px) 100vw, 1800px\" \/><\/p>\n","protected":false},"excerpt":{"rendered":"<p>Brasil sali\u00f3 de la penumbra con la l\u00e1mpara de Tite. Per\u00fa dej\u00f3 el purgatorio con las letan\u00edas de Gareca. Responsables por el renacer y auge de sus equipos, ambos entrenadores pondr\u00e1n a prueba sus poderes\u00a0 Lima, 06 Julio 2019, (ANDINA).- Brasil sali\u00f3 de la penumbra con la l\u00e1mpara de Tite. Per\u00fa dej\u00f3 el purgatorio con [&hellip;]<\/p>\n","protected":false},"author":1,"featured_media":52498,"comment_status":"open","ping_status":"open","sticky":false,"template":"","format":"standard","meta":{"rop_custom_images_group":[],"rop_custom_messages_group":[],"rop_publish_now":"initial","rop_publish_now_accounts":[],"rop_publish_now_history":[],"rop_publish_now_status":"pending","footnotes":""},"categories":[8],"tags":[87,3565,137],"class_list":["post-52497","post","type-post","status-publish","format-standard","has-post-thumbnail","hentry","category-disciplinas-deportivas","tag-brasil","tag-copa-america-brasil-2019","tag-seleccion-peruana"],"_links":{"self":[{"href":"https:\/\/elinformanteperu.com\/index.php\/wp-json\/wp\/v2\/posts\/52497","targetHints":{"allow":["GET"]}}],"collection":[{"href":"https:\/\/elinformanteperu.com\/index.php\/wp-json\/wp\/v2\/posts"}],"about":[{"href":"https:\/\/elinformanteperu.com\/index.php\/wp-json\/wp\/v2\/types\/post"}],"author":[{"embeddable":true,"href":"https:\/\/elinformanteperu.com\/index.php\/wp-json\/wp\/v2\/users\/1"}],"replies":[{"embeddable":true,"href":"https:\/\/elinformanteperu.com\/index.php\/wp-json\/wp\/v2\/comments?post=52497"}],"version-history":[{"count":1,"href":"https:\/\/elinformanteperu.com\/index.php\/wp-json\/wp\/v2\/posts\/52497\/revisions"}],"predecessor-version":[{"id":52499,"href":"https:\/\/elinformanteperu.com\/index.php\/wp-json\/wp\/v2\/posts\/52497\/revisions\/52499"}],"wp:featuredmedia":[{"embeddable":true,"href":"https:\/\/elinformanteperu.com\/index.php\/wp-json\/wp\/v2\/media\/52498"}],"wp:attachment":[{"href":"https:\/\/elinformanteperu.com\/index.php\/wp-json\/wp\/v2\/media?parent=52497"}],"wp:term":[{"taxonomy":"category","embeddable":true,"href":"https:\/\/elinformanteperu.com\/index.php\/wp-json\/wp\/v2\/categories?post=52497"},{"taxonomy":"post_tag","embeddable":true,"href":"https:\/\/elinformanteperu.com\/index.php\/wp-json\/wp\/v2\/tags?post=52497"}],"curies":[{"name":"wp","href":"https:\/\/api.w.org\/{rel}","templated":true}]}}