{"id":52381,"date":"2019-07-04T20:01:42","date_gmt":"2019-07-05T01:01:42","guid":{"rendered":"http:\/\/elinformanteperu.com\/?p=52381"},"modified":"2019-07-04T20:01:42","modified_gmt":"2019-07-05T01:01:42","slug":"ministerio-de-cultura-presentara-ciclo-de-cine-peruano-en-la-sala-armando-robles-godoy","status":"publish","type":"post","link":"https:\/\/elinformanteperu.com\/index.php\/2019\/07\/04\/ministerio-de-cultura-presentara-ciclo-de-cine-peruano-en-la-sala-armando-robles-godoy\/","title":{"rendered":"Ministerio de Cultura presentar\u00e1 \u201cCiclo de Cine Peruano\u201d en la Sala Armando Robles Godoy"},"content":{"rendered":"<p><strong><span style=\"color: #000000;\">Pel\u00edculas internacionalmente reconocidas como \u201cLa \u00faltima tarde\u201d, \u201cRosa Chumbe\u201d, y \u201cEl mudo\u201d, se proyectar\u00e1n gratuitamente.<\/span><\/strong><\/p>\n<p><span style=\"color: #000000;\"><strong>Lima, 04 Julio 2019, (El Informante Per\u00fa).-<\/strong> El Ministerio de Cultura presenta el Ciclo de Cine Peruano a realizarse del jueves 4 al domingo 7 de julio; y del jueves 11 al domingo 14 de julio en la Sala \u201cArmando Robles Godoy\u201d.<\/span><\/p>\n<p><span style=\"color: #000000;\">El ciclo de cine nacional, que forma parte de las actividades de conmemoraci\u00f3n por la independencia del Per\u00fa, presentar\u00e1 una selecci\u00f3n de pel\u00edculas de ficci\u00f3n y documental estrenadas en los \u00faltimos a\u00f1os.<\/span><\/p>\n<p><span style=\"color: #000000;\">De este modo se proyectar\u00e1, de forma gratuita, 8 pel\u00edculas de la cinematograf\u00eda peruana reconocidas internacionalmente como: \u201cLa \u00faltima tarde\u201d, \u201cRosa Chumbe\u201d, \u201cEl mudo\u201d, entre otras.<\/span><\/p>\n<p><span style=\"color: #000000;\">Las funciones se realizar\u00e1n a las 07:00 p.m. en la sala de cine \u201cArmando Robles Godoy\u201d, ubicada en la sede central del Ministerio de Cultura, Av. Javier Prado Este 2465 &#8211; San Borja; y son organizadas por la Direcci\u00f3n del Audiovisual, la Fonograf\u00eda y los Nuevos Medios (DAFO).<\/span><\/p>\n<p><span style=\"color: #000000;\">El ingreso es libre, mostrando su DNI o documento de identidad hasta completar el aforo de la sala: 94 personas.<\/span><\/p>\n<p><img fetchpriority=\"high\" decoding=\"async\" class=\"aligncenter size-full wp-image-52382\" src=\"http:\/\/elinformanteperu.com\/wp-content\/uploads\/2019\/07\/Rosa-Chumbe.png\" alt=\"\" width=\"942\" height=\"486\" srcset=\"https:\/\/elinformanteperu.com\/wp-content\/uploads\/2019\/07\/Rosa-Chumbe.png 942w, https:\/\/elinformanteperu.com\/wp-content\/uploads\/2019\/07\/Rosa-Chumbe-300x155.png 300w, https:\/\/elinformanteperu.com\/wp-content\/uploads\/2019\/07\/Rosa-Chumbe-768x396.png 768w, https:\/\/elinformanteperu.com\/wp-content\/uploads\/2019\/07\/Rosa-Chumbe-128x66.png 128w, https:\/\/elinformanteperu.com\/wp-content\/uploads\/2019\/07\/Rosa-Chumbe-32x17.png 32w\" sizes=\"(max-width: 942px) 100vw, 942px\" \/><strong><span style=\"color: #000000;\">Programaci\u00f3n:<\/span><\/strong><\/p>\n<p><strong><span style=\"color: #000000;\">Jueves 4 de julio<\/span><\/strong><\/p>\n<p><span style=\"color: #000000;\">\u201cLa \u00faltima tarde\u201d (2017) de Joel Calero, 81 min.<\/span><\/p>\n<p><strong><span style=\"color: #000000;\">Viernes 5 de julio<\/span><\/strong><\/p>\n<p><span style=\"color: #000000;\">\u201cEl Abuelo\u201d (2018) de Gustavo Saavedra, 99 min.<\/span><\/p>\n<p><strong><span style=\"color: #000000;\">S\u00e1bado 6 de julio<\/span><\/strong><\/p>\n<p><span style=\"color: #000000;\">\u201cTodos somos estrellas\u201d (2017) de Patricia Wiesse, 75 min.<\/span><\/p>\n<p><strong><span style=\"color: #000000;\">Domingo 7 de julio<\/span><\/strong><\/p>\n<p><span style=\"color: #000000;\">\u201cEl Mudo\u201d (2013) de Daniel y Diego Vega, 86 min.<\/span><\/p>\n<p><strong><span style=\"color: #000000;\">Jueves 11 de julio<\/span><\/strong><\/p>\n<p><span style=\"color: #000000;\">\u201cExpectante\u201d (2018) de Farid Rodr\u00edguez, 77 min. + \u201cConnatural\u201d (2018) de Farid Rodr\u00edguez, 83 min.<\/span><\/p>\n<p><strong><span style=\"color: #000000;\">Viernes 12 de julio<\/span><\/strong><\/p>\n<p><span style=\"color: #000000;\">\u201cVolver a ver\u201d (2018) de Judith V\u00e9lez, 90 min.<\/span><\/p>\n<p><strong><span style=\"color: #000000;\">S\u00e1bado 13<\/span><\/strong><\/p>\n<p><span style=\"color: #000000;\">\u201cLima Grita\u201d (2018) de Dana Bonilla y Ximena Valdivia, 80 min.<\/span><\/p>\n<p><strong><span style=\"color: #000000;\">Domingo 14 de julio<\/span><\/strong><\/p>\n<p><span style=\"color: #000000;\">\u201cRosa Chumbe\u201d (2017) de Jonatan Relayze, 75 min.<\/span><\/p>\n<p><img decoding=\"async\" class=\"aligncenter size-full wp-image-52383\" src=\"http:\/\/elinformanteperu.com\/wp-content\/uploads\/2019\/07\/La-\u00f9ltima-tarde.jpg\" alt=\"\" width=\"912\" height=\"516\" srcset=\"https:\/\/elinformanteperu.com\/wp-content\/uploads\/2019\/07\/La-\u00f9ltima-tarde.jpg 912w, https:\/\/elinformanteperu.com\/wp-content\/uploads\/2019\/07\/La-\u00f9ltima-tarde-300x170.jpg 300w, https:\/\/elinformanteperu.com\/wp-content\/uploads\/2019\/07\/La-\u00f9ltima-tarde-768x435.jpg 768w, https:\/\/elinformanteperu.com\/wp-content\/uploads\/2019\/07\/La-\u00f9ltima-tarde-128x72.jpg 128w, https:\/\/elinformanteperu.com\/wp-content\/uploads\/2019\/07\/La-\u00f9ltima-tarde-32x18.jpg 32w, https:\/\/elinformanteperu.com\/wp-content\/uploads\/2019\/07\/La-\u00f9ltima-tarde-620x350.jpg 620w\" sizes=\"(max-width: 912px) 100vw, 912px\" \/><\/p>\n","protected":false},"excerpt":{"rendered":"<p>Pel\u00edculas internacionalmente reconocidas como \u201cLa \u00faltima tarde\u201d, \u201cRosa Chumbe\u201d, y \u201cEl mudo\u201d, se proyectar\u00e1n gratuitamente. Lima, 04 Julio 2019, (El Informante Per\u00fa).- El Ministerio de Cultura presenta el Ciclo de Cine Peruano a realizarse del jueves 4 al domingo 7 de julio; y del jueves 11 al domingo 14 de julio en la Sala \u201cArmando [&hellip;]<\/p>\n","protected":false},"author":1,"featured_media":48572,"comment_status":"open","ping_status":"open","sticky":false,"template":"","format":"standard","meta":{"rop_custom_images_group":[],"rop_custom_messages_group":[],"rop_publish_now":"initial","rop_publish_now_accounts":[],"rop_publish_now_history":[],"rop_publish_now_status":"pending","footnotes":""},"categories":[7],"tags":[1626,105],"class_list":["post-52381","post","type-post","status-publish","format-standard","has-post-thumbnail","hentry","category-butaca","tag-cine-peruano","tag-ministerio-de-cultura"],"_links":{"self":[{"href":"https:\/\/elinformanteperu.com\/index.php\/wp-json\/wp\/v2\/posts\/52381","targetHints":{"allow":["GET"]}}],"collection":[{"href":"https:\/\/elinformanteperu.com\/index.php\/wp-json\/wp\/v2\/posts"}],"about":[{"href":"https:\/\/elinformanteperu.com\/index.php\/wp-json\/wp\/v2\/types\/post"}],"author":[{"embeddable":true,"href":"https:\/\/elinformanteperu.com\/index.php\/wp-json\/wp\/v2\/users\/1"}],"replies":[{"embeddable":true,"href":"https:\/\/elinformanteperu.com\/index.php\/wp-json\/wp\/v2\/comments?post=52381"}],"version-history":[{"count":1,"href":"https:\/\/elinformanteperu.com\/index.php\/wp-json\/wp\/v2\/posts\/52381\/revisions"}],"predecessor-version":[{"id":52384,"href":"https:\/\/elinformanteperu.com\/index.php\/wp-json\/wp\/v2\/posts\/52381\/revisions\/52384"}],"wp:featuredmedia":[{"embeddable":true,"href":"https:\/\/elinformanteperu.com\/index.php\/wp-json\/wp\/v2\/media\/48572"}],"wp:attachment":[{"href":"https:\/\/elinformanteperu.com\/index.php\/wp-json\/wp\/v2\/media?parent=52381"}],"wp:term":[{"taxonomy":"category","embeddable":true,"href":"https:\/\/elinformanteperu.com\/index.php\/wp-json\/wp\/v2\/categories?post=52381"},{"taxonomy":"post_tag","embeddable":true,"href":"https:\/\/elinformanteperu.com\/index.php\/wp-json\/wp\/v2\/tags?post=52381"}],"curies":[{"name":"wp","href":"https:\/\/api.w.org\/{rel}","templated":true}]}}