{"id":5238,"date":"2017-01-29T10:58:20","date_gmt":"2017-01-29T15:58:20","guid":{"rendered":"http:\/\/elinformanteperu.com\/?p=5238"},"modified":"2017-01-29T10:58:20","modified_gmt":"2017-01-29T15:58:20","slug":"alianza-lima-presento-a-su-plantel-2017-en-una-noche-colorida","status":"publish","type":"post","link":"https:\/\/elinformanteperu.com\/index.php\/2017\/01\/29\/alianza-lima-presento-a-su-plantel-2017-en-una-noche-colorida\/","title":{"rendered":"Alianza Lima present\u00f3 a su plantel 2017 en una noche colorida"},"content":{"rendered":"<p><strong>En una noche colorida, Alianza Lima present\u00f3 a su plantel de jugadores con que afrontar\u00e1 el Torneo Descentralizado y la Copa Sudamericana.<\/strong><\/p>\n<p><strong>Lima, 27 Enero 2017, (ANDINA).-<\/strong> En una noche colorida, el club Alianza Lima present\u00f3, en el estadio Alejandro Villanueva, a su plantel de jugadores con que afrontar\u00e1 el Torneo Descentralizado y la Copa Sudamericana.<\/p>\n<p>Durante la ceremonia se observ\u00f3 a fuegos artificiales y los hinchas se manifestaron con sonoros aplausos y c\u00e1nticos.<\/p>\n<p>Sin embargo, el colorido m\u00e1s vistoso lleg\u00f3 con el mosaico en la tribuna de oriente cuando el equipo sali\u00f3 al campo para iniciar el partido ante Palestino.<\/p>\n<p>La frase que formaron las miles de pancartas fue: \u00ab\u00danico grande del Per\u00fa\u00bb. El marco tambi\u00e9n tuvo coronas a los costados y franjas blancas. Tanto los futbolistas de Alianza como los de Palestino que se encontraban de espaldas a las gradas, voltearon para apreciar y reconocer el acto.<\/p>\n<p>Previamente, en la presentaci\u00f3n de cada uno de los integrantes de la plantilla, el volante \u00d3scar V\u00edlchez, el arquero Leao Butr\u00f3n y el delantero Lionard Pajoy, fueron los m\u00e1s ovacionados por la hinchada local.<\/p>\n<p><img fetchpriority=\"high\" decoding=\"async\" class=\"size-full wp-image-5240 aligncenter\" src=\"http:\/\/elinformanteperu.com\/wp-content\/uploads\/2017\/01\/alianza-palestino2.jpg\" alt=\"\" width=\"830\" height=\"470\" srcset=\"https:\/\/elinformanteperu.com\/wp-content\/uploads\/2017\/01\/alianza-palestino2.jpg 830w, https:\/\/elinformanteperu.com\/wp-content\/uploads\/2017\/01\/alianza-palestino2-300x170.jpg 300w, https:\/\/elinformanteperu.com\/wp-content\/uploads\/2017\/01\/alianza-palestino2-768x435.jpg 768w, https:\/\/elinformanteperu.com\/wp-content\/uploads\/2017\/01\/alianza-palestino2-128x72.jpg 128w, https:\/\/elinformanteperu.com\/wp-content\/uploads\/2017\/01\/alianza-palestino2-32x18.jpg 32w, https:\/\/elinformanteperu.com\/wp-content\/uploads\/2017\/01\/alianza-palestino2-620x350.jpg 620w\" sizes=\"(max-width: 830px) 100vw, 830px\" \/><\/p>\n","protected":false},"excerpt":{"rendered":"<p>En una noche colorida, Alianza Lima present\u00f3 a su plantel de jugadores con que afrontar\u00e1 el Torneo Descentralizado y la Copa Sudamericana. Lima, 27 Enero 2017, (ANDINA).- En una noche colorida, el club Alianza Lima present\u00f3, en el estadio Alejandro Villanueva, a su plantel de jugadores con que afrontar\u00e1 el Torneo Descentralizado y la Copa [&hellip;]<\/p>\n","protected":false},"author":1,"featured_media":5239,"comment_status":"open","ping_status":"open","sticky":false,"template":"","format":"standard","meta":{"rop_custom_images_group":[],"rop_custom_messages_group":[],"rop_publish_now":"initial","rop_publish_now_accounts":[],"rop_publish_now_history":[],"rop_publish_now_status":"pending","footnotes":""},"categories":[8],"tags":[91,820],"class_list":["post-5238","post","type-post","status-publish","format-standard","has-post-thumbnail","hentry","category-disciplinas-deportivas","tag-alianza-lima","tag-noche-blanquiazul-2017"],"_links":{"self":[{"href":"https:\/\/elinformanteperu.com\/index.php\/wp-json\/wp\/v2\/posts\/5238","targetHints":{"allow":["GET"]}}],"collection":[{"href":"https:\/\/elinformanteperu.com\/index.php\/wp-json\/wp\/v2\/posts"}],"about":[{"href":"https:\/\/elinformanteperu.com\/index.php\/wp-json\/wp\/v2\/types\/post"}],"author":[{"embeddable":true,"href":"https:\/\/elinformanteperu.com\/index.php\/wp-json\/wp\/v2\/users\/1"}],"replies":[{"embeddable":true,"href":"https:\/\/elinformanteperu.com\/index.php\/wp-json\/wp\/v2\/comments?post=5238"}],"version-history":[{"count":1,"href":"https:\/\/elinformanteperu.com\/index.php\/wp-json\/wp\/v2\/posts\/5238\/revisions"}],"predecessor-version":[{"id":5241,"href":"https:\/\/elinformanteperu.com\/index.php\/wp-json\/wp\/v2\/posts\/5238\/revisions\/5241"}],"wp:featuredmedia":[{"embeddable":true,"href":"https:\/\/elinformanteperu.com\/index.php\/wp-json\/wp\/v2\/media\/5239"}],"wp:attachment":[{"href":"https:\/\/elinformanteperu.com\/index.php\/wp-json\/wp\/v2\/media?parent=5238"}],"wp:term":[{"taxonomy":"category","embeddable":true,"href":"https:\/\/elinformanteperu.com\/index.php\/wp-json\/wp\/v2\/categories?post=5238"},{"taxonomy":"post_tag","embeddable":true,"href":"https:\/\/elinformanteperu.com\/index.php\/wp-json\/wp\/v2\/tags?post=5238"}],"curies":[{"name":"wp","href":"https:\/\/api.w.org\/{rel}","templated":true}]}}