{"id":52376,"date":"2019-07-04T19:40:56","date_gmt":"2019-07-05T00:40:56","guid":{"rendered":"http:\/\/elinformanteperu.com\/?p=52376"},"modified":"2019-07-04T19:40:56","modified_gmt":"2019-07-05T00:40:56","slug":"declararan-a-los-bienes-muebles-del-cementerio-presbitero-maestro-como-bienes-integrantes-del-patrimonio-cultural-de-la-nacion","status":"publish","type":"post","link":"https:\/\/elinformanteperu.com\/index.php\/2019\/07\/04\/declararan-a-los-bienes-muebles-del-cementerio-presbitero-maestro-como-bienes-integrantes-del-patrimonio-cultural-de-la-nacion\/","title":{"rendered":"Declarar\u00e1n a los bienes muebles del Cementerio Presb\u00edtero Maestro como Bienes Integrantes del Patrimonio Cultural de la Naci\u00f3n"},"content":{"rendered":"<p><span style=\"color: #000000;\"><strong>El Ministerio de Cultura busca as\u00ed garantizar la conservaci\u00f3n, puesta en valor y el reconocimiento social de los monumentos hist\u00f3ricos y mausoleos que se encuentran en dicho lugar.<\/strong><\/span><\/p>\n<p><span style=\"color: #000000;\"><strong>Lima, 04 Julio 2019, (El Informante Per\u00fa).-<\/strong> El Ministerio de Cultura iniciar\u00e1 procedimiento para declarar como Bienes Integrantes del Patrimonio Cultural de la Naci\u00f3n a los bienes muebles ubicados en el Museo Cementerio Presb\u00edtero Mat\u00edas Maestro, Monumento Hist\u00f3rico que se encuentra en el distrito de Barrios Altos en Lima Metropolitana.<\/span><\/p>\n<p><span style=\"color: #000000;\">Dicha declaratoria permitir\u00e1 garantizar la conservaci\u00f3n y puesta en valor de los bienes, entre los que se encuentran monumentos hist\u00f3ricos y mausoleos. Asimismo, promover el reconocimiento social que merecen, de acuerdo a lo establecido en la Ley General del Patrimonio Cultural de la Naci\u00f3n. En total se han identificado 320 bienes muebles, cuya lista puede revisarse en el siguiente enlace:<\/span><\/p>\n<p><span style=\"color: #000000;\">Entre estos bienes destacan el conjunto escult\u00f3rico a la memoria de Ram\u00f3n Castilla, construido en m\u00e1rmol del a\u00f1o 1867; igualmente, el conjunto escult\u00f3rico en memoria de Sof\u00eda Bergman de Dreyfus, edificado en 1873 por Louis Ernest Barrias en bronce y granito.<\/span><\/p>\n<p><span style=\"color: #000000;\">Tambi\u00e9n la Dama de la mantilla, cripta de la familia Elmore atribuida a Giovanni Battista Cevasco, en 1869. Del mismo modo, son dignas de menci\u00f3n la llamada Doliente, cripta de la se\u00f1ora \u00c1ngela Salcedo de Puente, firmada por Enrique Tadolini en 1921, as\u00ed como Las Artes, cripta de Felipe Pardo y Aliaga del escultor Vicenzo Bonanni Esegui.<\/span><\/p>\n<p><span style=\"color: #000000;\">Como corresponde en este tipo de procesos, el Ministerio de Cultura ha establecido un plazo de treinta (30) d\u00edas calendarios a partir de la fecha, para que los propietarios de los bienes que figuran en la lista, as\u00ed como los interesados en general, presenten sus alegatos y observaciones al procedimiento de declaratoria, de acuerdo a lo establecido en la Ley General del Patrimonio Cultural de la Naci\u00f3n, y su Reglamento.<\/span><\/p>\n<p><strong><span style=\"color: #000000;\">Importancia hist\u00f3rica<\/span><\/strong><\/p>\n<p><img fetchpriority=\"high\" decoding=\"async\" class=\"aligncenter size-full wp-image-52378\" src=\"http:\/\/elinformanteperu.com\/wp-content\/uploads\/2019\/07\/Presbitero-Maestro1.jpg\" alt=\"\" width=\"770\" height=\"514\" srcset=\"https:\/\/elinformanteperu.com\/wp-content\/uploads\/2019\/07\/Presbitero-Maestro1.jpg 770w, https:\/\/elinformanteperu.com\/wp-content\/uploads\/2019\/07\/Presbitero-Maestro1-300x200.jpg 300w, https:\/\/elinformanteperu.com\/wp-content\/uploads\/2019\/07\/Presbitero-Maestro1-768x513.jpg 768w, https:\/\/elinformanteperu.com\/wp-content\/uploads\/2019\/07\/Presbitero-Maestro1-128x85.jpg 128w, https:\/\/elinformanteperu.com\/wp-content\/uploads\/2019\/07\/Presbitero-Maestro1-32x21.jpg 32w\" sizes=\"(max-width: 770px) 100vw, 770px\" \/><span style=\"color: #000000;\">El Museo Cementerio Presb\u00edtero Mat\u00edas Maestro es uno de los conjuntos hist\u00f3rico-art\u00edsticos m\u00e1s emblem\u00e1ticos de la ciudad de Lima. Fue construido bajo la direcci\u00f3n del Presb\u00edtero Mat\u00edas Maestro e inaugurado en 1808 por el Virrey Jos\u00e9 Fernando de Abascal. El 28 de diciembre de 1972 fue declarado Monumento Hist\u00f3rico mediante Resoluci\u00f3n Suprema N\u00b0 2900.<\/span><\/p>\n<p><span style=\"color: #000000;\">Las obras fueron elaboradas por destacados artistas extranjeros y nacionales, entre los cuales destacan Ulderico Tenderini, Pedro Rossell\u00f3, Juan Durini, D. Luisi, Enrique Tadolini, Juan Antezana, Giovanni Battista Cevasco, Pietro Costa, Guerra y Isola, L. Isola, H. Labatie, los hermanos. Faggioni, Antonio Restelli, Vicenzo Bonanni, Louis Ernest Barrias, Carlo Sarrabezolles, Eumene Baratta, Simoneau Marbrier, Marius-Jean Antonin Merci\u00e9, Rinaldo Rinaldi, I. Edoardo Basso, Artemio Oca\u00f1a, Pedro E. Pujol, Luis Agurto Olaya, U. Luisi, Libero Valente y Manuel Piqueras Cotol\u00ed. Tambi\u00e9n se encuentran Angelo Rossini, Romano Espinoza C\u00e1ceda, Eduardo Gastel\u00fa Macho, J. A. Blotte y Aldo Rossi, entre otros.<\/span><\/p>\n<p><span style=\"color: #000000;\">Los bienes culturales muebles del Cementerio General Presb\u00edtero Mat\u00edas Maestro se ubican en el jir\u00f3n Ancash 1611, Lima. Actualmente se encuentran bajo la administraci\u00f3n de la Sociedad Beneficencia de Lima Metropolitana.<\/span><\/p>\n<p><img decoding=\"async\" class=\"aligncenter size-full wp-image-52379\" src=\"http:\/\/elinformanteperu.com\/wp-content\/uploads\/2019\/07\/Presbitero-Maestro.jpg\" alt=\"\" width=\"773\" height=\"515\" srcset=\"https:\/\/elinformanteperu.com\/wp-content\/uploads\/2019\/07\/Presbitero-Maestro.jpg 773w, https:\/\/elinformanteperu.com\/wp-content\/uploads\/2019\/07\/Presbitero-Maestro-300x200.jpg 300w, https:\/\/elinformanteperu.com\/wp-content\/uploads\/2019\/07\/Presbitero-Maestro-768x512.jpg 768w, https:\/\/elinformanteperu.com\/wp-content\/uploads\/2019\/07\/Presbitero-Maestro-128x85.jpg 128w, https:\/\/elinformanteperu.com\/wp-content\/uploads\/2019\/07\/Presbitero-Maestro-32x21.jpg 32w\" sizes=\"(max-width: 773px) 100vw, 773px\" \/><\/p>\n","protected":false},"excerpt":{"rendered":"<p>El Ministerio de Cultura busca as\u00ed garantizar la conservaci\u00f3n, puesta en valor y el reconocimiento social de los monumentos hist\u00f3ricos y mausoleos que se encuentran en dicho lugar. Lima, 04 Julio 2019, (El Informante Per\u00fa).- El Ministerio de Cultura iniciar\u00e1 procedimiento para declarar como Bienes Integrantes del Patrimonio Cultural de la Naci\u00f3n a los bienes [&hellip;]<\/p>\n","protected":false},"author":1,"featured_media":52377,"comment_status":"open","ping_status":"open","sticky":false,"template":"","format":"standard","meta":{"rop_custom_images_group":[],"rop_custom_messages_group":[],"rop_publish_now":"initial","rop_publish_now_accounts":[],"rop_publish_now_history":[],"rop_publish_now_status":"pending","footnotes":""},"categories":[10],"tags":[4601,105],"class_list":["post-52376","post","type-post","status-publish","format-standard","has-post-thumbnail","hentry","category-actualidad-municipal","tag-cementerio-presbitero-maestro","tag-ministerio-de-cultura"],"_links":{"self":[{"href":"https:\/\/elinformanteperu.com\/index.php\/wp-json\/wp\/v2\/posts\/52376","targetHints":{"allow":["GET"]}}],"collection":[{"href":"https:\/\/elinformanteperu.com\/index.php\/wp-json\/wp\/v2\/posts"}],"about":[{"href":"https:\/\/elinformanteperu.com\/index.php\/wp-json\/wp\/v2\/types\/post"}],"author":[{"embeddable":true,"href":"https:\/\/elinformanteperu.com\/index.php\/wp-json\/wp\/v2\/users\/1"}],"replies":[{"embeddable":true,"href":"https:\/\/elinformanteperu.com\/index.php\/wp-json\/wp\/v2\/comments?post=52376"}],"version-history":[{"count":1,"href":"https:\/\/elinformanteperu.com\/index.php\/wp-json\/wp\/v2\/posts\/52376\/revisions"}],"predecessor-version":[{"id":52380,"href":"https:\/\/elinformanteperu.com\/index.php\/wp-json\/wp\/v2\/posts\/52376\/revisions\/52380"}],"wp:featuredmedia":[{"embeddable":true,"href":"https:\/\/elinformanteperu.com\/index.php\/wp-json\/wp\/v2\/media\/52377"}],"wp:attachment":[{"href":"https:\/\/elinformanteperu.com\/index.php\/wp-json\/wp\/v2\/media?parent=52376"}],"wp:term":[{"taxonomy":"category","embeddable":true,"href":"https:\/\/elinformanteperu.com\/index.php\/wp-json\/wp\/v2\/categories?post=52376"},{"taxonomy":"post_tag","embeddable":true,"href":"https:\/\/elinformanteperu.com\/index.php\/wp-json\/wp\/v2\/tags?post=52376"}],"curies":[{"name":"wp","href":"https:\/\/api.w.org\/{rel}","templated":true}]}}