{"id":52370,"date":"2019-07-04T00:48:34","date_gmt":"2019-07-04T05:48:34","guid":{"rendered":"http:\/\/elinformanteperu.com\/?p=52370"},"modified":"2019-07-04T00:51:15","modified_gmt":"2019-07-04T05:51:15","slug":"evo-morales-celebra-pase-de-peru-a-la-final-de-la-copa-america-2019","status":"publish","type":"post","link":"https:\/\/elinformanteperu.com\/index.php\/2019\/07\/04\/evo-morales-celebra-pase-de-peru-a-la-final-de-la-copa-america-2019\/","title":{"rendered":"Evo Morales celebra pase de Per\u00fa a la final de la Copa Am\u00e9rica 2019"},"content":{"rendered":"<p><strong><span style=\"color: #000000;\">El presidente de Bolivia, Evo Morales Ayma, felicit\u00f3 al pueblo peruano por el pase de la selecci\u00f3n de f\u00fatbol a la final de la Copa Am\u00e9rica 2019.<\/span><\/strong><\/p>\n<p><span style=\"color: #000000;\"><strong>Lima, 03 Julio 2019, (ANDINA).-<\/strong>\u00a0El presidente de Bolivia, Evo Morales Ayma, felicit\u00f3 al pueblo peruano por el pase de la selecci\u00f3n de f\u00fatbol a la final de la Copa Am\u00e9rica 2019, tras imponerse en un vibrante partido por tres goles a cero a su similar de Chile.<\/span><\/p>\n<p><span style=\"color: #000000;\">\u00abFelicidades al hermano pueblo de Per\u00fa por el pase de su Selecci\u00f3n a la final de la Copa Am\u00e9rica\u00bb, escribi\u00f3 el mandatario boliviano en su cuenta de Twitter.<\/span><\/p>\n<div><span style=\"color: #000000;\">Morales dijo que fue un lindo partido y expres\u00f3 su esperanza en una final a\u00fan m\u00e1s emocionante.<\/span><\/div>\n<div>\n<div><\/div>\n<div><img fetchpriority=\"high\" decoding=\"async\" class=\"aligncenter size-full wp-image-52361\" src=\"http:\/\/elinformanteperu.com\/wp-content\/uploads\/2019\/07\/brasil-argentina-messi.jpg\" alt=\"\" width=\"1800\" height=\"1178\" srcset=\"https:\/\/elinformanteperu.com\/wp-content\/uploads\/2019\/07\/brasil-argentina-messi.jpg 1800w, https:\/\/elinformanteperu.com\/wp-content\/uploads\/2019\/07\/brasil-argentina-messi-300x196.jpg 300w, https:\/\/elinformanteperu.com\/wp-content\/uploads\/2019\/07\/brasil-argentina-messi-768x503.jpg 768w, https:\/\/elinformanteperu.com\/wp-content\/uploads\/2019\/07\/brasil-argentina-messi-1024x670.jpg 1024w, https:\/\/elinformanteperu.com\/wp-content\/uploads\/2019\/07\/brasil-argentina-messi-128x84.jpg 128w, https:\/\/elinformanteperu.com\/wp-content\/uploads\/2019\/07\/brasil-argentina-messi-32x21.jpg 32w\" sizes=\"(max-width: 1800px) 100vw, 1800px\" \/><\/div>\n<\/div>\n","protected":false},"excerpt":{"rendered":"<p>El presidente de Bolivia, Evo Morales Ayma, felicit\u00f3 al pueblo peruano por el pase de la selecci\u00f3n de f\u00fatbol a la final de la Copa Am\u00e9rica 2019. Lima, 03 Julio 2019, (ANDINA).-\u00a0El presidente de Bolivia, Evo Morales Ayma, felicit\u00f3 al pueblo peruano por el pase de la selecci\u00f3n de f\u00fatbol a la final de la [&hellip;]<\/p>\n","protected":false},"author":1,"featured_media":52371,"comment_status":"open","ping_status":"open","sticky":false,"template":"","format":"gallery","meta":{"rop_custom_images_group":[],"rop_custom_messages_group":[],"rop_publish_now":"initial","rop_publish_now_accounts":[],"rop_publish_now_history":[],"rop_publish_now_status":"pending","footnotes":""},"categories":[8],"tags":[4541,3565,2119],"class_list":["post-52370","post","type-post","status-publish","format-gallery","has-post-thumbnail","hentry","category-disciplinas-deportivas","tag-copa-america","tag-copa-america-brasil-2019","tag-evo-morales","post_format-post-format-gallery"],"_links":{"self":[{"href":"https:\/\/elinformanteperu.com\/index.php\/wp-json\/wp\/v2\/posts\/52370","targetHints":{"allow":["GET"]}}],"collection":[{"href":"https:\/\/elinformanteperu.com\/index.php\/wp-json\/wp\/v2\/posts"}],"about":[{"href":"https:\/\/elinformanteperu.com\/index.php\/wp-json\/wp\/v2\/types\/post"}],"author":[{"embeddable":true,"href":"https:\/\/elinformanteperu.com\/index.php\/wp-json\/wp\/v2\/users\/1"}],"replies":[{"embeddable":true,"href":"https:\/\/elinformanteperu.com\/index.php\/wp-json\/wp\/v2\/comments?post=52370"}],"version-history":[{"count":4,"href":"https:\/\/elinformanteperu.com\/index.php\/wp-json\/wp\/v2\/posts\/52370\/revisions"}],"predecessor-version":[{"id":52375,"href":"https:\/\/elinformanteperu.com\/index.php\/wp-json\/wp\/v2\/posts\/52370\/revisions\/52375"}],"wp:featuredmedia":[{"embeddable":true,"href":"https:\/\/elinformanteperu.com\/index.php\/wp-json\/wp\/v2\/media\/52371"}],"wp:attachment":[{"href":"https:\/\/elinformanteperu.com\/index.php\/wp-json\/wp\/v2\/media?parent=52370"}],"wp:term":[{"taxonomy":"category","embeddable":true,"href":"https:\/\/elinformanteperu.com\/index.php\/wp-json\/wp\/v2\/categories?post=52370"},{"taxonomy":"post_tag","embeddable":true,"href":"https:\/\/elinformanteperu.com\/index.php\/wp-json\/wp\/v2\/tags?post=52370"}],"curies":[{"name":"wp","href":"https:\/\/api.w.org\/{rel}","templated":true}]}}