{"id":52329,"date":"2019-07-02T23:47:52","date_gmt":"2019-07-03T04:47:52","guid":{"rendered":"http:\/\/elinformanteperu.com\/?p=52329"},"modified":"2019-07-02T23:47:52","modified_gmt":"2019-07-03T04:47:52","slug":"del-solar-de-acuerdo-con-hacer-publico-convenio-con-odebrecht","status":"publish","type":"post","link":"https:\/\/elinformanteperu.com\/index.php\/2019\/07\/02\/del-solar-de-acuerdo-con-hacer-publico-convenio-con-odebrecht\/","title":{"rendered":"Del Solar de acuerdo con hacer p\u00fablico convenio con Odebrecht"},"content":{"rendered":"<p><strong><span style=\"color: #000000;\">El presidente del Consejo de Ministros, Salvador del Solar, se pronunci\u00f3 a favor de hacer p\u00fablico el Acuerdo de Colaboraci\u00f3n Eficaz.<\/span><\/strong><\/p>\n<p><span style=\"color: #000000;\"><strong>Lima, 02 Julio 2019, (ANDINA).-<\/strong> El presidente del Consejo de Ministros, Salvador del Solar, se pronunci\u00f3 a favor de hacer p\u00fablico el Acuerdo de Colaboraci\u00f3n Eficaz y Beneficios suscrito entre el Equipo Especial del Ministerio P\u00fablico para el caso Lava Jato y la empresa Odebrecht.<\/span><\/p>\n<p><span style=\"color: #000000;\">Seg\u00fan dijo en declaraciones a la prensa, hacer p\u00fablico dicho acuerdo dar\u00eda tranquilidad a la ciudadan\u00eda.<\/span><\/p>\n<p><span style=\"color: #000000;\">\u00abNos parecer\u00eda bueno que sepamos cu\u00e1l es el acuerdo para que la ciudadan\u00eda pueda tener la tranquilidad de que las cosas se est\u00e1n manejando bien\u00bb, dijo en la v\u00edspera al t\u00e9rmino de la sesi\u00f3n de la Comisi\u00f3n de Constituci\u00f3n del Congreso.<\/span><\/p>\n<p><span style=\"color: #000000;\">Record\u00f3 que la Comisi\u00f3n de Alto Nivel Anticorrupci\u00f3n (CAN) recomend\u00f3 a la fiscal\u00eda hacer p\u00fablico el acuerdo, siempre y cuando no afecte las investigaciones de los casos de corrupci\u00f3n que involucran a Odebrecht.<\/span><\/p>\n<p><span style=\"color: #000000;\">El Equipo Especial del Ministerio P\u00fablico para el caso Lava Jato suscribi\u00f3 un Acuerdo de Colaboraci\u00f3n Eficaz y Beneficio con la empresa Odebrechet mediante el cual la constructora brasile\u00f1a se comprometi\u00f3 a entregar toda la informaci\u00f3n sobre los sobornos pagados en Per\u00fa a pol\u00edticos y funcionarios de alto nivel, as\u00ed como a pagar una millonaria reparaci\u00f3n civil al Estado.<\/span><\/p>\n<p><span style=\"color: #000000;\">Dicho acuerdo fue aprobado posteriormente por el Poder Judicial peruano, por lo cual actualmente se encuentra en plena vigencia.<\/span><\/p>\n<p><span style=\"color: #000000;\">No obstante, sus cl\u00e1usulas son mantenidas en reserva por el Equipo Especial del Ministerio P\u00fablico.<\/span><\/p>\n<p><span style=\"color: #000000;\">En la v\u00edspera, el fiscal Carlos Puma, integrante del Equipo Especial, se pronunci\u00f3 a favor de la difusi\u00f3n p\u00fablica del acuerdo, teniendo en cuenta que ya ha sido homologado por el Poder Judicial.<\/span><\/p>\n","protected":false},"excerpt":{"rendered":"<p>El presidente del Consejo de Ministros, Salvador del Solar, se pronunci\u00f3 a favor de hacer p\u00fablico el Acuerdo de Colaboraci\u00f3n Eficaz. Lima, 02 Julio 2019, (ANDINA).- El presidente del Consejo de Ministros, Salvador del Solar, se pronunci\u00f3 a favor de hacer p\u00fablico el Acuerdo de Colaboraci\u00f3n Eficaz y Beneficios suscrito entre el Equipo Especial del [&hellip;]<\/p>\n","protected":false},"author":1,"featured_media":52330,"comment_status":"open","ping_status":"open","sticky":false,"template":"","format":"standard","meta":{"rop_custom_images_group":[],"rop_custom_messages_group":[],"rop_publish_now":"initial","rop_publish_now_accounts":[],"rop_publish_now_history":[],"rop_publish_now_status":"pending","footnotes":""},"categories":[5],"tags":[619,189,473],"class_list":["post-52329","post","type-post","status-publish","format-standard","has-post-thumbnail","hentry","category-actualidad-informativa","tag-odebrecht","tag-pcm","tag-salvador-del-solar"],"_links":{"self":[{"href":"https:\/\/elinformanteperu.com\/index.php\/wp-json\/wp\/v2\/posts\/52329","targetHints":{"allow":["GET"]}}],"collection":[{"href":"https:\/\/elinformanteperu.com\/index.php\/wp-json\/wp\/v2\/posts"}],"about":[{"href":"https:\/\/elinformanteperu.com\/index.php\/wp-json\/wp\/v2\/types\/post"}],"author":[{"embeddable":true,"href":"https:\/\/elinformanteperu.com\/index.php\/wp-json\/wp\/v2\/users\/1"}],"replies":[{"embeddable":true,"href":"https:\/\/elinformanteperu.com\/index.php\/wp-json\/wp\/v2\/comments?post=52329"}],"version-history":[{"count":1,"href":"https:\/\/elinformanteperu.com\/index.php\/wp-json\/wp\/v2\/posts\/52329\/revisions"}],"predecessor-version":[{"id":52331,"href":"https:\/\/elinformanteperu.com\/index.php\/wp-json\/wp\/v2\/posts\/52329\/revisions\/52331"}],"wp:featuredmedia":[{"embeddable":true,"href":"https:\/\/elinformanteperu.com\/index.php\/wp-json\/wp\/v2\/media\/52330"}],"wp:attachment":[{"href":"https:\/\/elinformanteperu.com\/index.php\/wp-json\/wp\/v2\/media?parent=52329"}],"wp:term":[{"taxonomy":"category","embeddable":true,"href":"https:\/\/elinformanteperu.com\/index.php\/wp-json\/wp\/v2\/categories?post=52329"},{"taxonomy":"post_tag","embeddable":true,"href":"https:\/\/elinformanteperu.com\/index.php\/wp-json\/wp\/v2\/tags?post=52329"}],"curies":[{"name":"wp","href":"https:\/\/api.w.org\/{rel}","templated":true}]}}