{"id":52308,"date":"2019-07-02T23:11:26","date_gmt":"2019-07-03T04:11:26","guid":{"rendered":"http:\/\/elinformanteperu.com\/?p=52308"},"modified":"2019-07-02T23:11:26","modified_gmt":"2019-07-03T04:11:26","slug":"mas-de-1500-personas-observaron-eclipse-parcial-solar-en-moquegua","status":"publish","type":"post","link":"https:\/\/elinformanteperu.com\/index.php\/2019\/07\/02\/mas-de-1500-personas-observaron-eclipse-parcial-solar-en-moquegua\/","title":{"rendered":"M\u00e1s de 1,500 personas observaron eclipse parcial solar en Moquegua"},"content":{"rendered":"<p><strong><span style=\"color: #000000;\">M\u00e1s de 1,500 personas, entre escolares, universitarios, adultos y aficionados a la astronom\u00eda, observaron el eclipse parcial solar que se registr\u00f3 en Moquegua.<\/span><\/strong><\/p>\n<p><span style=\"color: #000000;\"><strong>Moquegua, 02 Julio 2019, (ANDINA).-<\/strong> M\u00e1s de 1,500 personas, entre escolares, universitarios, adultos y aficionados a la astronom\u00eda, observaron el eclipse parcial solar que se registr\u00f3 esta tarde desde el mirador de la ciudad sure\u00f1a de Moquegua.<\/span><\/p>\n<p><span style=\"color: #000000;\">Fue posible por el trabajo coordinado entre la Universidad Nacional de Moquegua y la Agencia Espacial del Per\u00fa, que entregaron m\u00e1s de 1,000 gafas con protecci\u00f3n para observar de manera segura el fen\u00f3meno celeste.<\/span><\/p>\n<p><span style=\"color: #000000;\">La Agencia Espacial del Per\u00fa promovi\u00f3 dos maneras seguras de observar un eclipse solar: a trav\u00e9s de lentes con la debida protecci\u00f3n y por la proyecci\u00f3n mediante un telescopio.<\/span><\/p>\n<p><strong><span style=\"color: #000000;\">Charla<\/span><\/strong><\/p>\n<p><span style=\"color: #000000;\">Adem\u00e1s de los lentes entregados se ofrecieron charlas sobre el Sol, por qu\u00e9 se da un eclipse; a trav\u00e9s de un telescopio Mizar TAL-1 se pudo observar por el m\u00e9todo de proyecci\u00f3n el paso de la Luna entre el Sol y la Tierra.<\/span><\/p>\n<p><span style=\"color: #000000;\">El evento astron\u00f3mico dur\u00f3 aproximadamente dos horas y diez minutos, y pudo observarse de manera parcial en toda la zona sur de nuestro pa\u00eds.<\/span><\/p>\n<p><span style=\"color: #000000;\">En esta oportunidad la zona sur fue la privilegiada para apreciar el eclipse parcial solar; el 26 de enero del 2028 se podr\u00e1 observar un eclipse anular desde Tumbes, Piura y Loreto, es decir, se podr\u00e1 ver un anillo formado por los bordes del Sol que la Luna no llega a tapar.<\/span><\/p>\n","protected":false},"excerpt":{"rendered":"<p>M\u00e1s de 1,500 personas, entre escolares, universitarios, adultos y aficionados a la astronom\u00eda, observaron el eclipse parcial solar que se registr\u00f3 en Moquegua. Moquegua, 02 Julio 2019, (ANDINA).- M\u00e1s de 1,500 personas, entre escolares, universitarios, adultos y aficionados a la astronom\u00eda, observaron el eclipse parcial solar que se registr\u00f3 esta tarde desde el mirador de [&hellip;]<\/p>\n","protected":false},"author":1,"featured_media":52309,"comment_status":"open","ping_status":"open","sticky":false,"template":"","format":"standard","meta":{"rop_custom_images_group":[],"rop_custom_messages_group":[],"rop_publish_now":"initial","rop_publish_now_accounts":[],"rop_publish_now_history":[],"rop_publish_now_status":"pending","footnotes":""},"categories":[10],"tags":[3796],"class_list":["post-52308","post","type-post","status-publish","format-standard","has-post-thumbnail","hentry","category-actualidad-municipal","tag-moquegua"],"_links":{"self":[{"href":"https:\/\/elinformanteperu.com\/index.php\/wp-json\/wp\/v2\/posts\/52308","targetHints":{"allow":["GET"]}}],"collection":[{"href":"https:\/\/elinformanteperu.com\/index.php\/wp-json\/wp\/v2\/posts"}],"about":[{"href":"https:\/\/elinformanteperu.com\/index.php\/wp-json\/wp\/v2\/types\/post"}],"author":[{"embeddable":true,"href":"https:\/\/elinformanteperu.com\/index.php\/wp-json\/wp\/v2\/users\/1"}],"replies":[{"embeddable":true,"href":"https:\/\/elinformanteperu.com\/index.php\/wp-json\/wp\/v2\/comments?post=52308"}],"version-history":[{"count":1,"href":"https:\/\/elinformanteperu.com\/index.php\/wp-json\/wp\/v2\/posts\/52308\/revisions"}],"predecessor-version":[{"id":52310,"href":"https:\/\/elinformanteperu.com\/index.php\/wp-json\/wp\/v2\/posts\/52308\/revisions\/52310"}],"wp:featuredmedia":[{"embeddable":true,"href":"https:\/\/elinformanteperu.com\/index.php\/wp-json\/wp\/v2\/media\/52309"}],"wp:attachment":[{"href":"https:\/\/elinformanteperu.com\/index.php\/wp-json\/wp\/v2\/media?parent=52308"}],"wp:term":[{"taxonomy":"category","embeddable":true,"href":"https:\/\/elinformanteperu.com\/index.php\/wp-json\/wp\/v2\/categories?post=52308"},{"taxonomy":"post_tag","embeddable":true,"href":"https:\/\/elinformanteperu.com\/index.php\/wp-json\/wp\/v2\/tags?post=52308"}],"curies":[{"name":"wp","href":"https:\/\/api.w.org\/{rel}","templated":true}]}}