{"id":52305,"date":"2019-07-02T23:04:09","date_gmt":"2019-07-03T04:04:09","guid":{"rendered":"http:\/\/elinformanteperu.com\/?p=52305"},"modified":"2019-07-02T23:04:09","modified_gmt":"2019-07-03T04:04:09","slug":"rueda-advierte-sobre-paolo-guerrero-es-un-goleador-de-raza","status":"publish","type":"post","link":"https:\/\/elinformanteperu.com\/index.php\/2019\/07\/02\/rueda-advierte-sobre-paolo-guerrero-es-un-goleador-de-raza\/","title":{"rendered":"Rueda advierte sobre Paolo Guerrero: \u00abEs un goleador de raza\u00bb"},"content":{"rendered":"<p><strong><span style=\"color: #000000;\">El seleccionador chileno, Reinaldo Rueda, conoce bien al peruano Paolo Guerrero, a quien entren\u00f3 en el Flamengo, y advirti\u00f3 del peligro que entra\u00f1a el ariete.<\/span><\/strong><\/p>\n<p><span style=\"color: #000000;\"><strong>Lima, 02 Julio 2019, (ANDINA).-<\/strong> El seleccionador chileno, Reinaldo Rueda, conoce bien al peruano Paolo Guerrero, a quien entren\u00f3 en el Flamengo, y advirti\u00f3 del peligro que entra\u00f1a el ariete antes del duelo de semifinales entre Chile y Per\u00fa en la Copa Am\u00e9rica de Brasil.<\/span><\/p>\n<p><span style=\"color: #000000;\">\u00abPaolo es un goleador de raza, desde que era un ni\u00f1o me ha tocado enfrentarlo en categor\u00edas inferiores y en el Flamengo compartimos con \u00e9l y vimos la calidad que tiene como persona, a parte de lo profesional que es y c\u00f3mo se entrena\u00bb, dijo el colombiano en rueda de prensa en el estadio Arena do Gremio, en Porto Alegre.<\/span><\/p>\n<p><span style=\"color: #000000;\">Rueda defini\u00f3 al m\u00e1ximo artillero hist\u00f3rico de la selecci\u00f3n peruana como \u00abcontundente\u00bb y \u00abeficaz\u00bb y asegur\u00f3 que la zaga chilena deber\u00e1 mostrar una \u00abalt\u00edsima concentraci\u00f3n\u00bb para contrarrestarlo.<\/span><\/p>\n<p><span style=\"color: #000000;\">El seleccionador revel\u00f3 que ayer tuvo una charla con sus jugadores en la que hizo hincapi\u00e9 en que buena parte del plantel sabe lo que es disputar una semifinal de la Copa Am\u00e9rica y obtener el pase a la final.<\/span><\/p>\n<p><span style=\"color: #000000;\">\u00abConversamos de la madurez que deben tener para salir adelante en lo futbol\u00edstico, en el comportamiento, en la inteligencia para descifrar el juego. Es un grupo experimentado, algunos con 2 o 3 mundiales incluido el de categor\u00eda juvenil\u00bb, se\u00f1al\u00f3.<\/span><\/p>\n<p><span style=\"color: #000000;\">Sobre el riesgo de que Arturo Vidal y Charles Ar\u00e1nguiz se pierdan pos suspensi\u00f3n una hipot\u00e9tica final si ven una tarjeta amarilla el mi\u00e9rcoles, Rueda indic\u00f3 que lo ha hablado con los futbolistas y con sus colaboradores del cuerpo t\u00e9cnico, aunque recalc\u00f3 la importancia de que jueguen sin pensar en eso.<\/span><\/p>\n<p><span style=\"color: #000000;\">\u00abEsperemos que tengan un buen comportamiento y puedan jugar sin esa limitaci\u00f3n y podamos seguir adelante. No hay que preocuparse por eso sino por jugar\u00bb, apunt\u00f3.<\/span><\/p>\n<p><span style=\"color: #000000;\">Dijo tambi\u00e9n que es una \u00abpena\u00bb que el c\u00e9sped del Arena do Gremio est\u00e9 en tan malas condiciones como se ha visto en duelos anteriores y se mostr\u00f3 sorprendido por las bajas temperaturas que se han registrado en Porto Alegre.<\/span><\/p>\n<p><img fetchpriority=\"high\" decoding=\"async\" class=\"aligncenter size-full wp-image-17551\" src=\"http:\/\/elinformanteperu.com\/wp-content\/uploads\/2017\/10\/rueda-paolo.jpg\" alt=\"\" width=\"1800\" height=\"1350\" srcset=\"https:\/\/elinformanteperu.com\/wp-content\/uploads\/2017\/10\/rueda-paolo.jpg 1800w, https:\/\/elinformanteperu.com\/wp-content\/uploads\/2017\/10\/rueda-paolo-300x225.jpg 300w, https:\/\/elinformanteperu.com\/wp-content\/uploads\/2017\/10\/rueda-paolo-768x576.jpg 768w, https:\/\/elinformanteperu.com\/wp-content\/uploads\/2017\/10\/rueda-paolo-1024x768.jpg 1024w, https:\/\/elinformanteperu.com\/wp-content\/uploads\/2017\/10\/rueda-paolo-128x96.jpg 128w, https:\/\/elinformanteperu.com\/wp-content\/uploads\/2017\/10\/rueda-paolo-32x24.jpg 32w\" sizes=\"(max-width: 1800px) 100vw, 1800px\" \/><\/p>\n","protected":false},"excerpt":{"rendered":"<p>El seleccionador chileno, Reinaldo Rueda, conoce bien al peruano Paolo Guerrero, a quien entren\u00f3 en el Flamengo, y advirti\u00f3 del peligro que entra\u00f1a el ariete. Lima, 02 Julio 2019, (ANDINA).- El seleccionador chileno, Reinaldo Rueda, conoce bien al peruano Paolo Guerrero, a quien entren\u00f3 en el Flamengo, y advirti\u00f3 del peligro que entra\u00f1a el ariete [&hellip;]<\/p>\n","protected":false},"author":1,"featured_media":52306,"comment_status":"open","ping_status":"open","sticky":false,"template":"","format":"standard","meta":{"rop_custom_images_group":[],"rop_custom_messages_group":[],"rop_publish_now":"initial","rop_publish_now_accounts":[],"rop_publish_now_history":[],"rop_publish_now_status":"pending","footnotes":""},"categories":[8],"tags":[173,3565,137],"class_list":["post-52305","post","type-post","status-publish","format-standard","has-post-thumbnail","hentry","category-disciplinas-deportivas","tag-chile","tag-copa-america-brasil-2019","tag-seleccion-peruana"],"_links":{"self":[{"href":"https:\/\/elinformanteperu.com\/index.php\/wp-json\/wp\/v2\/posts\/52305","targetHints":{"allow":["GET"]}}],"collection":[{"href":"https:\/\/elinformanteperu.com\/index.php\/wp-json\/wp\/v2\/posts"}],"about":[{"href":"https:\/\/elinformanteperu.com\/index.php\/wp-json\/wp\/v2\/types\/post"}],"author":[{"embeddable":true,"href":"https:\/\/elinformanteperu.com\/index.php\/wp-json\/wp\/v2\/users\/1"}],"replies":[{"embeddable":true,"href":"https:\/\/elinformanteperu.com\/index.php\/wp-json\/wp\/v2\/comments?post=52305"}],"version-history":[{"count":1,"href":"https:\/\/elinformanteperu.com\/index.php\/wp-json\/wp\/v2\/posts\/52305\/revisions"}],"predecessor-version":[{"id":52307,"href":"https:\/\/elinformanteperu.com\/index.php\/wp-json\/wp\/v2\/posts\/52305\/revisions\/52307"}],"wp:featuredmedia":[{"embeddable":true,"href":"https:\/\/elinformanteperu.com\/index.php\/wp-json\/wp\/v2\/media\/52306"}],"wp:attachment":[{"href":"https:\/\/elinformanteperu.com\/index.php\/wp-json\/wp\/v2\/media?parent=52305"}],"wp:term":[{"taxonomy":"category","embeddable":true,"href":"https:\/\/elinformanteperu.com\/index.php\/wp-json\/wp\/v2\/categories?post=52305"},{"taxonomy":"post_tag","embeddable":true,"href":"https:\/\/elinformanteperu.com\/index.php\/wp-json\/wp\/v2\/tags?post=52305"}],"curies":[{"name":"wp","href":"https:\/\/api.w.org\/{rel}","templated":true}]}}