{"id":52294,"date":"2019-07-02T19:22:59","date_gmt":"2019-07-03T00:22:59","guid":{"rendered":"http:\/\/elinformanteperu.com\/?p=52294"},"modified":"2019-07-02T19:22:59","modified_gmt":"2019-07-03T00:22:59","slug":"mon-laferte-continua-su-gira-por-europa-y-asi-llegara-a-lima-el-20-de-setiembre","status":"publish","type":"post","link":"https:\/\/elinformanteperu.com\/index.php\/2019\/07\/02\/mon-laferte-continua-su-gira-por-europa-y-asi-llegara-a-lima-el-20-de-setiembre\/","title":{"rendered":"Mon Laferte contin\u00faa su gira por Europa y as\u00ed llegar\u00e1 a Lima el 20 de setiembre"},"content":{"rendered":"<p><strong><span style=\"color: #000000;\">Una vez m\u00e1s, la artista chilena Norma Monserrat Bustamante Laferte, m\u00e1s conocida como Mon Laferte, llegar\u00e1 a nuestro pa\u00eds.<\/span><\/strong><\/p>\n<p><span style=\"color: #000000;\"><strong>Lima, 02 Julio 2019, (ANDINA).-<\/strong> Una vez m\u00e1s, la artista chilena Norma Monserrat Bustamante Laferte, m\u00e1s conocida como Mon Laferte, llegar\u00e1 a nuestro pa\u00eds; tras un impresionante sold out en sus shows del 2017 y 2018.<\/span><\/p>\n<p><span style=\"color: #000000;\">Cabe recordar que en aquella ocasi\u00f3n se logr\u00f3 agotar todas las entradas para su concierto en menos de 72 horas y en su primera visita a la ciudad de Arequipa esto se logr\u00f3 en menos de quince d\u00edas.<\/span><\/p>\n<p><span style=\"color: #000000;\">En esta nueva visita, la productora Veltrac Music confirm\u00f3 que la cantante chilena se presentar\u00e1 el 20 de setiembre en el Plaza Arena del Jockey Club.<\/span><\/p>\n<p><span style=\"color: #000000;\">Esta nueva fecha ser\u00e1 parte de la \u201cGira de Norma\u201d, nombre alusivo al \u00faltimo trabajo de la artista del que destacan sencillos como \u201cCaderas blancas\u201d, que ya cuenta con m\u00e1s de 3 millones de reproducciones en YouTube.<\/span><\/p>\n<p><span style=\"color: #000000;\">Mientras tanto Mon Laferte se encuentra visitando diferentes puntos del orbe con su arte y as\u00ed lo deja saber en sus redes sociales, donde comparte su tiempo pintando; una de sus pasiones.<\/span><\/p>\n<p><span style=\"color: #000000;\">Las entradas para su concierto en Lima estar\u00e1n disponibles desde ma\u00f1ana mi\u00e9rcoles 3 de julio, a trav\u00e9s de Joinnus desde 90 soles.<\/span><\/p>\n<p><iframe title=\"Mon Laferte - Tu Falta De Querer (En Vivo)\" width=\"615\" height=\"346\" src=\"https:\/\/www.youtube.com\/embed\/5R1RGl4WQP8?feature=oembed\" frameborder=\"0\" allow=\"accelerometer; autoplay; clipboard-write; encrypted-media; gyroscope; picture-in-picture; web-share\" referrerpolicy=\"strict-origin-when-cross-origin\" allowfullscreen><\/iframe><\/p>\n","protected":false},"excerpt":{"rendered":"<p>Una vez m\u00e1s, la artista chilena Norma Monserrat Bustamante Laferte, m\u00e1s conocida como Mon Laferte, llegar\u00e1 a nuestro pa\u00eds. Lima, 02 Julio 2019, (ANDINA).- Una vez m\u00e1s, la artista chilena Norma Monserrat Bustamante Laferte, m\u00e1s conocida como Mon Laferte, llegar\u00e1 a nuestro pa\u00eds; tras un impresionante sold out en sus shows del 2017 y 2018. [&hellip;]<\/p>\n","protected":false},"author":1,"featured_media":52295,"comment_status":"open","ping_status":"open","sticky":false,"template":"","format":"standard","meta":{"rop_custom_images_group":[],"rop_custom_messages_group":[],"rop_publish_now":"initial","rop_publish_now_accounts":[],"rop_publish_now_history":[],"rop_publish_now_status":"pending","footnotes":""},"categories":[69],"tags":[4598],"class_list":["post-52294","post","type-post","status-publish","format-standard","has-post-thumbnail","hentry","category-musica","tag-mon-laferte"],"_links":{"self":[{"href":"https:\/\/elinformanteperu.com\/index.php\/wp-json\/wp\/v2\/posts\/52294","targetHints":{"allow":["GET"]}}],"collection":[{"href":"https:\/\/elinformanteperu.com\/index.php\/wp-json\/wp\/v2\/posts"}],"about":[{"href":"https:\/\/elinformanteperu.com\/index.php\/wp-json\/wp\/v2\/types\/post"}],"author":[{"embeddable":true,"href":"https:\/\/elinformanteperu.com\/index.php\/wp-json\/wp\/v2\/users\/1"}],"replies":[{"embeddable":true,"href":"https:\/\/elinformanteperu.com\/index.php\/wp-json\/wp\/v2\/comments?post=52294"}],"version-history":[{"count":1,"href":"https:\/\/elinformanteperu.com\/index.php\/wp-json\/wp\/v2\/posts\/52294\/revisions"}],"predecessor-version":[{"id":52296,"href":"https:\/\/elinformanteperu.com\/index.php\/wp-json\/wp\/v2\/posts\/52294\/revisions\/52296"}],"wp:featuredmedia":[{"embeddable":true,"href":"https:\/\/elinformanteperu.com\/index.php\/wp-json\/wp\/v2\/media\/52295"}],"wp:attachment":[{"href":"https:\/\/elinformanteperu.com\/index.php\/wp-json\/wp\/v2\/media?parent=52294"}],"wp:term":[{"taxonomy":"category","embeddable":true,"href":"https:\/\/elinformanteperu.com\/index.php\/wp-json\/wp\/v2\/categories?post=52294"},{"taxonomy":"post_tag","embeddable":true,"href":"https:\/\/elinformanteperu.com\/index.php\/wp-json\/wp\/v2\/tags?post=52294"}],"curies":[{"name":"wp","href":"https:\/\/api.w.org\/{rel}","templated":true}]}}