{"id":52155,"date":"2019-06-30T22:22:01","date_gmt":"2019-07-01T03:22:01","guid":{"rendered":"http:\/\/elinformanteperu.com\/?p=52155"},"modified":"2019-06-30T23:32:24","modified_gmt":"2019-07-01T04:32:24","slug":"seleccion-peruana-llego-a-porto-alegre-para-enfrentar-a-chile","status":"publish","type":"post","link":"https:\/\/elinformanteperu.com\/index.php\/2019\/06\/30\/seleccion-peruana-llego-a-porto-alegre-para-enfrentar-a-chile\/","title":{"rendered":"Selecci\u00f3n peruana lleg\u00f3 a Porto Alegre para enfrentar a Chile"},"content":{"rendered":"<p><strong><span style=\"color: #000000;\">La selecci\u00f3n peruana de f\u00fatbol lleg\u00f3 esta noche a la ciudad de Porto Alegre donde el pr\u00f3ximo mi\u00e9rcoles enfrentar\u00e1 a Chile por el pase a la final de la Copa Am\u00e9rica Brasil 2019.<\/span><\/strong><\/p>\n<p><span style=\"color: #000000;\"><strong>Porto Alegre, 30 Junio 2019, (ANDINA).-<\/strong> La selecci\u00f3n peruana de f\u00fatbol lleg\u00f3 esta noche a la ciudad de Porto Alegre donde el pr\u00f3ximo mi\u00e9rcoles enfrentar\u00e1 a Chile por el pase a la final de la Copa Am\u00e9rica Brasil 2019.<\/span><\/p>\n<p><span style=\"color: #000000;\">El bus que transport\u00f3 al equipo nacional desde el aeropuerto lleg\u00f3 a la concentraci\u00f3n a las 20.00 horas (hora de Lima).<\/span><\/p>\n<p><span style=\"color: #000000;\">Un grupo de entusiastas hinchas peruanos llegaron a las puertas del hotel para ver a los jugadores, saludarlos y desearles suerte.<\/span><\/p>\n<p><span style=\"color: #000000;\">Los m\u00e1s aplaudidos por la afici\u00f3n fueron el arquero Pedro Gallese, el delantero Paolo Guerrero y el mediocampista Edison Flores.<\/span><\/p>\n<p><span style=\"color: #000000;\">Per\u00fa luchar\u00e1 por su pase a la semifinal de la Copa Am\u00e9rica este mi\u00e9rcoles a las 19.30 horas en el estadio Arena Do Gremio de Porto Alegre.<\/span><\/p>\n<p><img fetchpriority=\"high\" decoding=\"async\" class=\"aligncenter size-full wp-image-51264\" src=\"http:\/\/elinformanteperu.com\/wp-content\/uploads\/2019\/06\/seleccion-entrenamientos66.jpg\" alt=\"\" width=\"1800\" height=\"1200\" srcset=\"https:\/\/elinformanteperu.com\/wp-content\/uploads\/2019\/06\/seleccion-entrenamientos66.jpg 1800w, https:\/\/elinformanteperu.com\/wp-content\/uploads\/2019\/06\/seleccion-entrenamientos66-300x200.jpg 300w, https:\/\/elinformanteperu.com\/wp-content\/uploads\/2019\/06\/seleccion-entrenamientos66-768x512.jpg 768w, https:\/\/elinformanteperu.com\/wp-content\/uploads\/2019\/06\/seleccion-entrenamientos66-1024x683.jpg 1024w, https:\/\/elinformanteperu.com\/wp-content\/uploads\/2019\/06\/seleccion-entrenamientos66-128x85.jpg 128w, https:\/\/elinformanteperu.com\/wp-content\/uploads\/2019\/06\/seleccion-entrenamientos66-32x21.jpg 32w\" sizes=\"(max-width: 1800px) 100vw, 1800px\" \/><\/p>\n","protected":false},"excerpt":{"rendered":"<p>La selecci\u00f3n peruana de f\u00fatbol lleg\u00f3 esta noche a la ciudad de Porto Alegre donde el pr\u00f3ximo mi\u00e9rcoles enfrentar\u00e1 a Chile por el pase a la final de la Copa Am\u00e9rica Brasil 2019. Porto Alegre, 30 Junio 2019, (ANDINA).- La selecci\u00f3n peruana de f\u00fatbol lleg\u00f3 esta noche a la ciudad de Porto Alegre donde el [&hellip;]<\/p>\n","protected":false},"author":1,"featured_media":52156,"comment_status":"open","ping_status":"open","sticky":false,"template":"","format":"standard","meta":{"rop_custom_images_group":[],"rop_custom_messages_group":[],"rop_publish_now":"initial","rop_publish_now_accounts":[],"rop_publish_now_history":[],"rop_publish_now_status":"pending","footnotes":""},"categories":[8],"tags":[3565,137],"class_list":["post-52155","post","type-post","status-publish","format-standard","has-post-thumbnail","hentry","category-disciplinas-deportivas","tag-copa-america-brasil-2019","tag-seleccion-peruana"],"_links":{"self":[{"href":"https:\/\/elinformanteperu.com\/index.php\/wp-json\/wp\/v2\/posts\/52155","targetHints":{"allow":["GET"]}}],"collection":[{"href":"https:\/\/elinformanteperu.com\/index.php\/wp-json\/wp\/v2\/posts"}],"about":[{"href":"https:\/\/elinformanteperu.com\/index.php\/wp-json\/wp\/v2\/types\/post"}],"author":[{"embeddable":true,"href":"https:\/\/elinformanteperu.com\/index.php\/wp-json\/wp\/v2\/users\/1"}],"replies":[{"embeddable":true,"href":"https:\/\/elinformanteperu.com\/index.php\/wp-json\/wp\/v2\/comments?post=52155"}],"version-history":[{"count":1,"href":"https:\/\/elinformanteperu.com\/index.php\/wp-json\/wp\/v2\/posts\/52155\/revisions"}],"predecessor-version":[{"id":52157,"href":"https:\/\/elinformanteperu.com\/index.php\/wp-json\/wp\/v2\/posts\/52155\/revisions\/52157"}],"wp:featuredmedia":[{"embeddable":true,"href":"https:\/\/elinformanteperu.com\/index.php\/wp-json\/wp\/v2\/media\/52156"}],"wp:attachment":[{"href":"https:\/\/elinformanteperu.com\/index.php\/wp-json\/wp\/v2\/media?parent=52155"}],"wp:term":[{"taxonomy":"category","embeddable":true,"href":"https:\/\/elinformanteperu.com\/index.php\/wp-json\/wp\/v2\/categories?post=52155"},{"taxonomy":"post_tag","embeddable":true,"href":"https:\/\/elinformanteperu.com\/index.php\/wp-json\/wp\/v2\/tags?post=52155"}],"curies":[{"name":"wp","href":"https:\/\/api.w.org\/{rel}","templated":true}]}}