{"id":52150,"date":"2019-06-30T22:14:40","date_gmt":"2019-07-01T03:14:40","guid":{"rendered":"http:\/\/elinformanteperu.com\/?p=52150"},"modified":"2019-06-30T22:14:40","modified_gmt":"2019-07-01T03:14:40","slug":"paolo-guerrero-el-capitan-que-transmite-lucha-y-pundonor","status":"publish","type":"post","link":"https:\/\/elinformanteperu.com\/index.php\/2019\/06\/30\/paolo-guerrero-el-capitan-que-transmite-lucha-y-pundonor\/","title":{"rendered":"Paolo Guerrero, el capit\u00e1n que transmite lucha y pundonor"},"content":{"rendered":"<p><strong><span style=\"color: #000000;\">El delantero peruano Paolo Guerrero aprovech\u00f3 la clasificaci\u00f3n de su equipo para sacar pecho ante las cr\u00edticas recibidas tras perder 5-0 contra Brasil.<\/span><\/strong><\/p>\n<p><span style=\"color: #000000;\"><strong>Salvador Bah\u00eda, 30 Junio 2019, (ANDINA).-<\/strong> El delantero peruano Paolo Guerrero aprovech\u00f3 la clasificaci\u00f3n de su equipo para las semifinales de la Copa Am\u00e9rica, despu\u00e9s de eliminar 5-4 en penales a Uruguay, para sacar pecho ante las cr\u00edticas recibidas por el equipo inca tras perder 5-0 contra Brasil en el partido anterior: \u00abDemostramos tener sangre, garra y huevos\u00bb.<\/span><\/p>\n<p><span style=\"color: #000000;\">\u00abMe siento muy orgulloso de mi equipo. Creo que no tengo palabras para transmitir este momento porque mucha gente dice que Per\u00fa no tiene garra, pero demostramos lo que estos muchachos han hecho en la cancha\u00bb, comenz\u00f3 diciendo el capit\u00e1n ante las c\u00e1maras de televisi\u00f3n nada m\u00e1s finalizar el encuentro de cuartos de final en Salvador.<\/span><\/p>\n<p><span style=\"color: #000000;\">\u00abHemos demostrado que este grupo tiene garra, tiene sangre, tiene huevos\u00bb, a\u00f1adi\u00f3 un exultante Guerrero, que insisti\u00f3 en sus cr\u00edticas hacia la prensa de su pa\u00eds.<\/span><\/p>\n<p><span style=\"color: #000000;\">\u00abAlgunas personas en Per\u00fa tratan, con mala intenci\u00f3n, de desestabilizar al grupo y hoy demostramos, y quiero callarme la boca, lo que estos muchachos hicieron dentro del campo\u00bb, declar\u00f3 el &#8216;Depredador&#8217;.<\/span><\/p>\n<p><span style=\"color: #000000;\">Despu\u00e9s, ninguno de los integrantes del plantel peruano se par\u00f3 en zona mixta para declarar ante los periodistas, aunque Guerrero si lo hizo para medios televisivos.<\/span><\/p>\n<p><span style=\"color: #000000;\">Guerrero destac\u00f3 que Per\u00fa elimin\u00f3 \u00aba una selecci\u00f3n uruguaya que est\u00e1 entre las diez mejores del mundo (&#8230;) Daban a Uruguay favorito&#8230;\u00a1Noooo! Aqu\u00ed en Sudam\u00e9rica no hay favoritos en ning\u00fan partido, aqu\u00ed todos juegan bien y todos los partidos son parejos\u00bb.<\/span><\/p>\n<p><span style=\"color: #000000;\">Per\u00fa se enfrentar\u00e1 el mi\u00e9rcoles en semifinales a Chile, aunque Guerrero no quiere pensar a\u00fan en el pr\u00f3ximo rival: \u00abVamos partido a partido. No podemos pensar en lo que queremos conseguir, vamos poco a poco. Se viene un cl\u00e1sico y hay que prepararnos\u00bb.<\/span><\/p>\n<p><span style=\"color: #000000;\">\u00abSer\u00e1 un partido duro pero creo que estamos en condiciones de ganar\u00bb, concluy\u00f3.<\/span><\/p>\n<p><img fetchpriority=\"high\" decoding=\"async\" class=\"aligncenter size-full wp-image-51480\" src=\"http:\/\/elinformanteperu.com\/wp-content\/uploads\/2019\/06\/paolo-guerrero-peru-bolivia.jpg\" alt=\"\" width=\"1800\" height=\"1200\" srcset=\"https:\/\/elinformanteperu.com\/wp-content\/uploads\/2019\/06\/paolo-guerrero-peru-bolivia.jpg 1800w, https:\/\/elinformanteperu.com\/wp-content\/uploads\/2019\/06\/paolo-guerrero-peru-bolivia-300x200.jpg 300w, https:\/\/elinformanteperu.com\/wp-content\/uploads\/2019\/06\/paolo-guerrero-peru-bolivia-768x512.jpg 768w, https:\/\/elinformanteperu.com\/wp-content\/uploads\/2019\/06\/paolo-guerrero-peru-bolivia-1024x683.jpg 1024w, https:\/\/elinformanteperu.com\/wp-content\/uploads\/2019\/06\/paolo-guerrero-peru-bolivia-128x85.jpg 128w, https:\/\/elinformanteperu.com\/wp-content\/uploads\/2019\/06\/paolo-guerrero-peru-bolivia-32x21.jpg 32w\" sizes=\"(max-width: 1800px) 100vw, 1800px\" \/><\/p>\n","protected":false},"excerpt":{"rendered":"<p>El delantero peruano Paolo Guerrero aprovech\u00f3 la clasificaci\u00f3n de su equipo para sacar pecho ante las cr\u00edticas recibidas tras perder 5-0 contra Brasil. Salvador Bah\u00eda, 30 Junio 2019, (ANDINA).- El delantero peruano Paolo Guerrero aprovech\u00f3 la clasificaci\u00f3n de su equipo para las semifinales de la Copa Am\u00e9rica, despu\u00e9s de eliminar 5-4 en penales a Uruguay, [&hellip;]<\/p>\n","protected":false},"author":1,"featured_media":52151,"comment_status":"open","ping_status":"open","sticky":false,"template":"","format":"standard","meta":{"rop_custom_images_group":[],"rop_custom_messages_group":[],"rop_publish_now":"initial","rop_publish_now_accounts":[],"rop_publish_now_history":[],"rop_publish_now_status":"pending","footnotes":""},"categories":[8],"tags":[3565,203,137],"class_list":["post-52150","post","type-post","status-publish","format-standard","has-post-thumbnail","hentry","category-disciplinas-deportivas","tag-copa-america-brasil-2019","tag-paolo-guerrero","tag-seleccion-peruana"],"_links":{"self":[{"href":"https:\/\/elinformanteperu.com\/index.php\/wp-json\/wp\/v2\/posts\/52150","targetHints":{"allow":["GET"]}}],"collection":[{"href":"https:\/\/elinformanteperu.com\/index.php\/wp-json\/wp\/v2\/posts"}],"about":[{"href":"https:\/\/elinformanteperu.com\/index.php\/wp-json\/wp\/v2\/types\/post"}],"author":[{"embeddable":true,"href":"https:\/\/elinformanteperu.com\/index.php\/wp-json\/wp\/v2\/users\/1"}],"replies":[{"embeddable":true,"href":"https:\/\/elinformanteperu.com\/index.php\/wp-json\/wp\/v2\/comments?post=52150"}],"version-history":[{"count":1,"href":"https:\/\/elinformanteperu.com\/index.php\/wp-json\/wp\/v2\/posts\/52150\/revisions"}],"predecessor-version":[{"id":52152,"href":"https:\/\/elinformanteperu.com\/index.php\/wp-json\/wp\/v2\/posts\/52150\/revisions\/52152"}],"wp:featuredmedia":[{"embeddable":true,"href":"https:\/\/elinformanteperu.com\/index.php\/wp-json\/wp\/v2\/media\/52151"}],"wp:attachment":[{"href":"https:\/\/elinformanteperu.com\/index.php\/wp-json\/wp\/v2\/media?parent=52150"}],"wp:term":[{"taxonomy":"category","embeddable":true,"href":"https:\/\/elinformanteperu.com\/index.php\/wp-json\/wp\/v2\/categories?post=52150"},{"taxonomy":"post_tag","embeddable":true,"href":"https:\/\/elinformanteperu.com\/index.php\/wp-json\/wp\/v2\/tags?post=52150"}],"curies":[{"name":"wp","href":"https:\/\/api.w.org\/{rel}","templated":true}]}}