{"id":52143,"date":"2019-06-30T22:07:31","date_gmt":"2019-07-01T03:07:31","guid":{"rendered":"http:\/\/elinformanteperu.com\/?p=52143"},"modified":"2019-06-30T22:07:31","modified_gmt":"2019-07-01T03:07:31","slug":"copa-america-asi-va-a-la-tabla-de-goleadores","status":"publish","type":"post","link":"https:\/\/elinformanteperu.com\/index.php\/2019\/06\/30\/copa-america-asi-va-a-la-tabla-de-goleadores\/","title":{"rendered":"Copa Am\u00e9rica: as\u00ed va a la tabla de goleadores"},"content":{"rendered":"<p><span style=\"color: #000000;\"><strong>Uruguay y Per\u00fa empataron 0-0 en el \u00faltimo cuarto de final de la Copa Am\u00e9rica (clasific\u00e1ndose los incas en la tanda de penales), as\u00ed va la tabla de goleadores.<\/strong><\/span><\/p>\n<p><span style=\"color: #000000;\"><strong>Sao Paulo, 30 Junio 2019, (ANDINA).-<\/strong> Uruguay y Per\u00fa empataron 0-0 en el \u00faltimo cuarto de final de la Copa Am\u00e9rica (clasific\u00e1ndose los incas en la tanda de penales), por lo que la clasificaci\u00f3n de m\u00e1ximos goleadores del torneo no sufri\u00f3 variaciones.<\/span><\/p>\n<p><span style=\"color: #000000;\">Los charr\u00faas Luis Su\u00e1rez, que adem\u00e1s err\u00f3 el penal que sentenci\u00f3 a la Celeste, y \u00c9dinson Cavani se despiden del torneo continental con dos goles cada uno, los mismos que el venezolano Darwin Mach\u00eds, el colombiano Duv\u00e1n Zapata y el japon\u00e9s Yoshi Miyoshi, tambi\u00e9n eliminados y que no podr\u00e1n aumentar sus guarismos.<\/span><\/p>\n<p><span style=\"color: #000000;\">El peruano Paolo Guerrero tampoco marc\u00f3 pero se asegura dos partidos m\u00e1s para intentar ampliar su cuenta en Brasil-2019, torneo en el que lleva un tanto anotado.<\/span><\/p>\n<p><span style=\"color: #000000;\">El &#8216;Depredador&#8217; es junto al chileno Eduardo Vargas el m\u00e1ximo goleador en activo en Copa Am\u00e9rica, con doce tantos cada uno. Ambos est\u00e1n a cinco del brasile\u00f1o Zizinho y del argentino Norberto &#8216;Tucho&#8217; M\u00e9ndez, m\u00e1ximos goleadores hist\u00f3ricos del torneo.<\/span><\/p>\n<p><span style=\"color: #000000;\">En el grupo de bigoleadores a\u00fan en liza tambi\u00e9n est\u00e1n los brasile\u00f1os Philippe Coutinho y Everton, los chilenos Alexis S\u00e1nchez y Eduardo Vargas y el argentino Lautaro Mart\u00ednez.<\/span><\/p>\n<p><strong><span style=\"color: #000000;\">Tabla de goleadores de la Copa Am\u00e9rica de Brasil-2019:<\/span><\/strong><\/p>\n<p><span style=\"color: #000000;\"><strong>2 goles:<\/strong> Cavani (Uruguay), Coutinho (Brasil), Everton (Brasil), Mach\u00eds (Venezuela), Lautaro Mart\u00ednez (Argentina), Miyoshi (Jap\u00f3n), Alexis S\u00e1nchez (Chile), Luis Su\u00e1rez (Uruguay), Vargas (Chile), Zapata (Colombia)<\/span><\/p>\n<p><span style=\"color: #000000;\"><strong>1 gol:<\/strong> Ag\u00fcero (Argentina), Almoez Ali (Catar), Cardozo (Paraguay), Casemiro (Brasil), Cu\u00e9llar (Colombia), Dani Alves (Brasil), Farf\u00e1n (Per\u00fa), Flores (Per\u00fa), Fuenzalida (Chile), Gim\u00e9nez (Uruguay), Derlis Gonz\u00e1lez (Paraguay), Guerrero (Per\u00fa), Justiniano (Bolivia), Khoukhi (Catar), Lo Celso (Argentina), Lodeiro (Uruguay), Yosef Mart\u00ednez (Venezuela), Roger Mart\u00ednez (Colombia), Martins (Bolivia), Mena (Ecuador), Messi (Argentina), Nakajima (Jap\u00f3n), Pulgar (Chile), Roberto Firmino (Brasil), Richard S\u00e1nchez (Paraguay), E. Enner Valencia (Ecuador), Willian (Brasil).<\/span><\/p>\n<p><img fetchpriority=\"high\" decoding=\"async\" class=\"aligncenter size-full wp-image-51980\" src=\"http:\/\/elinformanteperu.com\/wp-content\/uploads\/2019\/06\/brasil-paraguay.jpg\" alt=\"\" width=\"1800\" height=\"1199\" srcset=\"https:\/\/elinformanteperu.com\/wp-content\/uploads\/2019\/06\/brasil-paraguay.jpg 1800w, https:\/\/elinformanteperu.com\/wp-content\/uploads\/2019\/06\/brasil-paraguay-300x200.jpg 300w, https:\/\/elinformanteperu.com\/wp-content\/uploads\/2019\/06\/brasil-paraguay-768x512.jpg 768w, https:\/\/elinformanteperu.com\/wp-content\/uploads\/2019\/06\/brasil-paraguay-1024x682.jpg 1024w, https:\/\/elinformanteperu.com\/wp-content\/uploads\/2019\/06\/brasil-paraguay-128x85.jpg 128w, https:\/\/elinformanteperu.com\/wp-content\/uploads\/2019\/06\/brasil-paraguay-32x21.jpg 32w\" sizes=\"(max-width: 1800px) 100vw, 1800px\" \/><\/p>\n","protected":false},"excerpt":{"rendered":"<p>Uruguay y Per\u00fa empataron 0-0 en el \u00faltimo cuarto de final de la Copa Am\u00e9rica (clasific\u00e1ndose los incas en la tanda de penales), as\u00ed va la tabla de goleadores. Sao Paulo, 30 Junio 2019, (ANDINA).- Uruguay y Per\u00fa empataron 0-0 en el \u00faltimo cuarto de final de la Copa Am\u00e9rica (clasific\u00e1ndose los incas en la [&hellip;]<\/p>\n","protected":false},"author":1,"featured_media":52144,"comment_status":"open","ping_status":"open","sticky":false,"template":"","format":"standard","meta":{"rop_custom_images_group":[],"rop_custom_messages_group":[],"rop_publish_now":"initial","rop_publish_now_accounts":[],"rop_publish_now_history":[],"rop_publish_now_status":"pending","footnotes":""},"categories":[8],"tags":[3565],"class_list":["post-52143","post","type-post","status-publish","format-standard","has-post-thumbnail","hentry","category-disciplinas-deportivas","tag-copa-america-brasil-2019"],"_links":{"self":[{"href":"https:\/\/elinformanteperu.com\/index.php\/wp-json\/wp\/v2\/posts\/52143","targetHints":{"allow":["GET"]}}],"collection":[{"href":"https:\/\/elinformanteperu.com\/index.php\/wp-json\/wp\/v2\/posts"}],"about":[{"href":"https:\/\/elinformanteperu.com\/index.php\/wp-json\/wp\/v2\/types\/post"}],"author":[{"embeddable":true,"href":"https:\/\/elinformanteperu.com\/index.php\/wp-json\/wp\/v2\/users\/1"}],"replies":[{"embeddable":true,"href":"https:\/\/elinformanteperu.com\/index.php\/wp-json\/wp\/v2\/comments?post=52143"}],"version-history":[{"count":1,"href":"https:\/\/elinformanteperu.com\/index.php\/wp-json\/wp\/v2\/posts\/52143\/revisions"}],"predecessor-version":[{"id":52145,"href":"https:\/\/elinformanteperu.com\/index.php\/wp-json\/wp\/v2\/posts\/52143\/revisions\/52145"}],"wp:featuredmedia":[{"embeddable":true,"href":"https:\/\/elinformanteperu.com\/index.php\/wp-json\/wp\/v2\/media\/52144"}],"wp:attachment":[{"href":"https:\/\/elinformanteperu.com\/index.php\/wp-json\/wp\/v2\/media?parent=52143"}],"wp:term":[{"taxonomy":"category","embeddable":true,"href":"https:\/\/elinformanteperu.com\/index.php\/wp-json\/wp\/v2\/categories?post=52143"},{"taxonomy":"post_tag","embeddable":true,"href":"https:\/\/elinformanteperu.com\/index.php\/wp-json\/wp\/v2\/tags?post=52143"}],"curies":[{"name":"wp","href":"https:\/\/api.w.org\/{rel}","templated":true}]}}