{"id":52137,"date":"2019-06-30T21:03:41","date_gmt":"2019-07-01T02:03:41","guid":{"rendered":"http:\/\/elinformanteperu.com\/?p=52137"},"modified":"2019-06-30T21:03:41","modified_gmt":"2019-07-01T02:03:41","slug":"luis-suarez-cuenta-detalles-del-penal-errado-ante-pedro-gallese","status":"publish","type":"post","link":"https:\/\/elinformanteperu.com\/index.php\/2019\/06\/30\/luis-suarez-cuenta-detalles-del-penal-errado-ante-pedro-gallese\/","title":{"rendered":"Luis Su\u00e1rez cuenta detalles del penal errado ante Pedro Gallese"},"content":{"rendered":"<p><strong><span style=\"color: #000000;\">El delantero de la selecci\u00f3n uruguaya, Luis Su\u00e1rez, lament\u00f3 el penal errado ante el cuadro peruano en los cuartos de final de la Copa Am\u00e9rica Brasil 2019.<\/span><\/strong><\/p>\n<p><span style=\"color: #000000;\"><strong>Lima, 30 Junio 2019, (ANDINA).-<\/strong> El delantero de la selecci\u00f3n uruguaya, Luis Su\u00e1rez, lament\u00f3 el penal errado ante el cuadro peruano en los cuartos de final de la Copa Am\u00e9rica Brasil 2019, y revel\u00f3 que golero Pedro Gallese, conoc\u00eda la forma en que patea los tiros de los doce pasos.<\/span><\/p>\n<p><span style=\"color: #000000;\">\u00abLe quise pegar arriba pero fuerte, sabiendo que el golero me conoce, pero tambi\u00e9n me estaba regalando el otro palo, por la forma en que le pegu\u00e9 el otro d\u00eda y bueno, pens\u00e9 que se iba a ir ah\u00ed\u00bb, dijo Su\u00e1rez, visiblemente afectado por el penal que le ataj\u00f3 Gallese y que determin\u00f3 la eliminaci\u00f3n de Uruguay ante la selecci\u00f3n peruana en la Copa Am\u00e9rica.<\/span><\/p>\n<p><span style=\"color: #000000;\">Per\u00fa elimin\u00f3 a Uruguay por penales y clasific\u00f3 a las semifinales, instancia en la que enfrentar\u00e1 a Chile el pr\u00f3ximo mi\u00e9rcoles en una nueva edici\u00f3n del \u00abCl\u00e1sico del Pac\u00edfico\u00bb.<\/span><\/p>\n<p><span style=\"color: #000000;\">Luis Su\u00e1rez consider\u00f3 injusto el resultado del partido Uruguay-Per\u00fa.<\/span><\/p>\n<p><span style=\"color: #000000;\">\u00abA pesar de haber perdido por penales, este resultado es injusto. Creo que es la primera vez que me toca una situaci\u00f3n as\u00ed, pero hay que levantar la cabeza y seguir\u00bb, remarc\u00f3.<\/span><\/p>\n<p><span style=\"color: #000000;\">El goleador uruguayo pidi\u00f3 a los hinchas de su pa\u00eds destacar aspectos positivos del cuadro dirigido por Washington T\u00e1barez.<\/span><\/p>\n<p><span style=\"color: #000000;\">\u00abHay que sacar las cosas positivas, hicimos un buen partido. Tuvimos m\u00e1s ocasiones de ellos, se crearon situaciones. Se anularon goles medio justos, que hoy con el VAR se ve todo\u00bb, puntualiz\u00f3.<\/span><\/p>\n<p><img fetchpriority=\"high\" decoding=\"async\" class=\"aligncenter size-full wp-image-52124\" src=\"http:\/\/elinformanteperu.com\/wp-content\/uploads\/2019\/06\/peru-uruguay3.jpg\" alt=\"\" width=\"954\" height=\"550\" srcset=\"https:\/\/elinformanteperu.com\/wp-content\/uploads\/2019\/06\/peru-uruguay3.jpg 954w, https:\/\/elinformanteperu.com\/wp-content\/uploads\/2019\/06\/peru-uruguay3-300x173.jpg 300w, https:\/\/elinformanteperu.com\/wp-content\/uploads\/2019\/06\/peru-uruguay3-768x443.jpg 768w, https:\/\/elinformanteperu.com\/wp-content\/uploads\/2019\/06\/peru-uruguay3-128x74.jpg 128w, https:\/\/elinformanteperu.com\/wp-content\/uploads\/2019\/06\/peru-uruguay3-32x18.jpg 32w\" sizes=\"(max-width: 954px) 100vw, 954px\" \/><\/p>\n","protected":false},"excerpt":{"rendered":"<p>El delantero de la selecci\u00f3n uruguaya, Luis Su\u00e1rez, lament\u00f3 el penal errado ante el cuadro peruano en los cuartos de final de la Copa Am\u00e9rica Brasil 2019. Lima, 30 Junio 2019, (ANDINA).- El delantero de la selecci\u00f3n uruguaya, Luis Su\u00e1rez, lament\u00f3 el penal errado ante el cuadro peruano en los cuartos de final de la [&hellip;]<\/p>\n","protected":false},"author":1,"featured_media":52138,"comment_status":"open","ping_status":"open","sticky":false,"template":"","format":"standard","meta":{"rop_custom_images_group":[],"rop_custom_messages_group":[],"rop_publish_now":"initial","rop_publish_now_accounts":[],"rop_publish_now_history":[],"rop_publish_now_status":"pending","footnotes":""},"categories":[8],"tags":[3565,818,1198,137,174],"class_list":["post-52137","post","type-post","status-publish","format-standard","has-post-thumbnail","hentry","category-disciplinas-deportivas","tag-copa-america-brasil-2019","tag-luis-suarez","tag-pedro-gallese","tag-seleccion-peruana","tag-uruguay"],"_links":{"self":[{"href":"https:\/\/elinformanteperu.com\/index.php\/wp-json\/wp\/v2\/posts\/52137","targetHints":{"allow":["GET"]}}],"collection":[{"href":"https:\/\/elinformanteperu.com\/index.php\/wp-json\/wp\/v2\/posts"}],"about":[{"href":"https:\/\/elinformanteperu.com\/index.php\/wp-json\/wp\/v2\/types\/post"}],"author":[{"embeddable":true,"href":"https:\/\/elinformanteperu.com\/index.php\/wp-json\/wp\/v2\/users\/1"}],"replies":[{"embeddable":true,"href":"https:\/\/elinformanteperu.com\/index.php\/wp-json\/wp\/v2\/comments?post=52137"}],"version-history":[{"count":1,"href":"https:\/\/elinformanteperu.com\/index.php\/wp-json\/wp\/v2\/posts\/52137\/revisions"}],"predecessor-version":[{"id":52139,"href":"https:\/\/elinformanteperu.com\/index.php\/wp-json\/wp\/v2\/posts\/52137\/revisions\/52139"}],"wp:featuredmedia":[{"embeddable":true,"href":"https:\/\/elinformanteperu.com\/index.php\/wp-json\/wp\/v2\/media\/52138"}],"wp:attachment":[{"href":"https:\/\/elinformanteperu.com\/index.php\/wp-json\/wp\/v2\/media?parent=52137"}],"wp:term":[{"taxonomy":"category","embeddable":true,"href":"https:\/\/elinformanteperu.com\/index.php\/wp-json\/wp\/v2\/categories?post=52137"},{"taxonomy":"post_tag","embeddable":true,"href":"https:\/\/elinformanteperu.com\/index.php\/wp-json\/wp\/v2\/tags?post=52137"}],"curies":[{"name":"wp","href":"https:\/\/api.w.org\/{rel}","templated":true}]}}