{"id":5211,"date":"2017-01-27T01:01:05","date_gmt":"2017-01-27T06:01:05","guid":{"rendered":"http:\/\/elinformanteperu.com\/?p=5211"},"modified":"2017-01-27T01:01:05","modified_gmt":"2017-01-27T06:01:05","slug":"delegaciones-de-peru-y-colombia-revisan-logros-y-compromisos-bilaterales","status":"publish","type":"post","link":"https:\/\/elinformanteperu.com\/index.php\/2017\/01\/27\/delegaciones-de-peru-y-colombia-revisan-logros-y-compromisos-bilaterales\/","title":{"rendered":"Delegaciones de Per\u00fa y Colombia revisan logros y compromisos bilaterales"},"content":{"rendered":"<p><strong>Como acto previo al III Gabinete Binacional Per\u00fa &#8211; Colombia, a realizarse en Arequipa, delegaciones de ambos pa\u00edses revisaron los logros y compromisos.<\/strong><\/p>\n<p><strong>Arequipa, 26 Enero 2017, (ANDINA).-<\/strong> Como acto previo al III Gabinete Binacional Per\u00fa &#8211; Colombia, a realizarse en Arequipa, delegaciones de ambos pa\u00edses revisaron los logros y compromisos que ser\u00e1n presentados a los presidentes Pedro Pablo Kuczynski y Juan Manuel Santos.<\/p>\n<p>Los nuevos compromisos y logros giran en torno a los cinco ejes tem\u00e1ticos del Gabinete Binacional: gobernanza y asuntos sociales; seguridad y defensa; asuntos ambientales y minero energ\u00e9tico; comercio, desarrollo econ\u00f3mico y turismo; y asuntos fronterizos y migratorios.<\/p>\n<p>La cita, llevada a cabo en el Cabildo Empresarial de Arequipa, fue supervisada por los vicancilleres N\u00e9stor Popolizio, de Per\u00fa, y Patricia Londo\u00f1o, de Colombia.<\/p>\n<p>El Gabinete Binacional Per\u00fa-Colombia es el mecanismo de di\u00e1logo pol\u00edtico-diplom\u00e1tico de m\u00e1s alto nivel, el cual ha contribuido a fortalecer y ampliar la relaci\u00f3n entre ambos pa\u00edses.<\/p>\n<p>El programa contempla, adicionalmente, una reuni\u00f3n privada entre el presidente Pedro Pablo Kuczynski y su hom\u00f3logo colombiano, Juan Manuel Santos, en la que se tratar\u00e1n asuntos de inter\u00e9s bilateral y regional, y reuniones entre los ministros de Estado de ambos pa\u00edses.<\/p>\n<p>El I Gabinete Binacional se realiz\u00f3 en Iquitos el 30 de septiembre de 2014 y el II Gabinete Binacional se realiz\u00f3 en Medell\u00edn el 30 de octubre de 2015.<\/p>\n","protected":false},"excerpt":{"rendered":"<p>Como acto previo al III Gabinete Binacional Per\u00fa &#8211; Colombia, a realizarse en Arequipa, delegaciones de ambos pa\u00edses revisaron los logros y compromisos. Arequipa, 26 Enero 2017, (ANDINA).- Como acto previo al III Gabinete Binacional Per\u00fa &#8211; Colombia, a realizarse en Arequipa, delegaciones de ambos pa\u00edses revisaron los logros y compromisos que ser\u00e1n presentados a [&hellip;]<\/p>\n","protected":false},"author":1,"featured_media":5212,"comment_status":"open","ping_status":"open","sticky":false,"template":"","format":"standard","meta":{"rop_custom_images_group":[],"rop_custom_messages_group":[],"rop_publish_now":"initial","rop_publish_now_accounts":[],"rop_publish_now_history":[],"rop_publish_now_status":"pending","footnotes":""},"categories":[5],"tags":[970,971,74],"class_list":["post-5211","post","type-post","status-publish","format-standard","has-post-thumbnail","hentry","category-actualidad-informativa","tag-gabinete-binacional-peru-colombia","tag-juan-manuel-santos","tag-pedro-pablo-kuczynski"],"_links":{"self":[{"href":"https:\/\/elinformanteperu.com\/index.php\/wp-json\/wp\/v2\/posts\/5211","targetHints":{"allow":["GET"]}}],"collection":[{"href":"https:\/\/elinformanteperu.com\/index.php\/wp-json\/wp\/v2\/posts"}],"about":[{"href":"https:\/\/elinformanteperu.com\/index.php\/wp-json\/wp\/v2\/types\/post"}],"author":[{"embeddable":true,"href":"https:\/\/elinformanteperu.com\/index.php\/wp-json\/wp\/v2\/users\/1"}],"replies":[{"embeddable":true,"href":"https:\/\/elinformanteperu.com\/index.php\/wp-json\/wp\/v2\/comments?post=5211"}],"version-history":[{"count":1,"href":"https:\/\/elinformanteperu.com\/index.php\/wp-json\/wp\/v2\/posts\/5211\/revisions"}],"predecessor-version":[{"id":5213,"href":"https:\/\/elinformanteperu.com\/index.php\/wp-json\/wp\/v2\/posts\/5211\/revisions\/5213"}],"wp:featuredmedia":[{"embeddable":true,"href":"https:\/\/elinformanteperu.com\/index.php\/wp-json\/wp\/v2\/media\/5212"}],"wp:attachment":[{"href":"https:\/\/elinformanteperu.com\/index.php\/wp-json\/wp\/v2\/media?parent=5211"}],"wp:term":[{"taxonomy":"category","embeddable":true,"href":"https:\/\/elinformanteperu.com\/index.php\/wp-json\/wp\/v2\/categories?post=5211"},{"taxonomy":"post_tag","embeddable":true,"href":"https:\/\/elinformanteperu.com\/index.php\/wp-json\/wp\/v2\/tags?post=5211"}],"curies":[{"name":"wp","href":"https:\/\/api.w.org\/{rel}","templated":true}]}}