{"id":5207,"date":"2017-01-27T00:53:29","date_gmt":"2017-01-27T05:53:29","guid":{"rendered":"http:\/\/elinformanteperu.com\/?p=5207"},"modified":"2017-01-27T01:06:53","modified_gmt":"2017-01-27T06:06:53","slug":"odebrecht-exfuncionario-miguel-navarro-acepta-delito-y-se-acoge-a-confesion-sincera","status":"publish","type":"post","link":"https:\/\/elinformanteperu.com\/index.php\/2017\/01\/27\/odebrecht-exfuncionario-miguel-navarro-acepta-delito-y-se-acoge-a-confesion-sincera\/","title":{"rendered":"Odebrecht: exfuncionario Miguel Navarro acepta delito y se acoge a confesi\u00f3n sincera"},"content":{"rendered":"<p><strong>El exfuncionario, Miguel Navarro Portugal, involucrado en sobornos de la constructora brasile\u00f1a Odebrecht, reconoci\u00f3 los cargos en su contra.<\/strong><\/p>\n<p><strong>Lima, 26 Enero 2017, (ANDINA).-<\/strong> El exfuncionario del Ministerio de Transportes y Comunicaciones, Miguel Navarro Portugal, involucrado en sobornos de la constructora brasile\u00f1a Odebrecht, reconoci\u00f3 los cargos en su contra, pidi\u00f3 perd\u00f3n al Estado peruano y se acogi\u00f3 a la confesi\u00f3n sincera.<\/p>\n<p>\u00abHe aceptado todos los cargos y estoy bien arrepentido. Me he acogido a la confesi\u00f3n sincera. Pido perd\u00f3n al Estado peruano y a la sociedad (&#8230;)\u00bb, expres\u00f3 Navarro en la audiencia en el Primer Juzgado de Investigaci\u00f3n Preparatoria Nacional, a cargo del juez Richard Concepci\u00f3n Carhuancho.<\/p>\n<p>Navarro Portugal fue capturado el pasado martes en los operativos desarrollados por la Polic\u00eda Nacional y la fiscal\u00eda anticorrupci\u00f3n, en el marco de las investigaciones por el caso Odebrecht.<\/p>\n<p>En la audiencia p\u00fablica, el fiscal adjunto Marcial P\u00e1ucar, al sustentar el pedido de prisi\u00f3n preventiva de 18 meses contra Navarro, dijo que el mencionado exfuncionario abri\u00f3 una empresa \u201coffshore\u201d, que tiene entre sus beneficiarios a Jessica Tejada, pareja del exviceministro de Comunicaciones, Jorge Cuba.<\/p>\n<p>La audiencia entr\u00f3 en receso a la espera del pronunciamiento del juez sobre el pedido de prevenci\u00f3n preventiva.<\/p>\n","protected":false},"excerpt":{"rendered":"<p>El exfuncionario, Miguel Navarro Portugal, involucrado en sobornos de la constructora brasile\u00f1a Odebrecht, reconoci\u00f3 los cargos en su contra. Lima, 26 Enero 2017, (ANDINA).- El exfuncionario del Ministerio de Transportes y Comunicaciones, Miguel Navarro Portugal, involucrado en sobornos de la constructora brasile\u00f1a Odebrecht, reconoci\u00f3 los cargos en su contra, pidi\u00f3 perd\u00f3n al Estado peruano y [&hellip;]<\/p>\n","protected":false},"author":1,"featured_media":5217,"comment_status":"open","ping_status":"open","sticky":false,"template":"","format":"standard","meta":{"rop_custom_images_group":[],"rop_custom_messages_group":[],"rop_publish_now":"initial","rop_publish_now_accounts":[],"rop_publish_now_history":[],"rop_publish_now_status":"pending","footnotes":""},"categories":[5],"tags":[958,619],"class_list":["post-5207","post","type-post","status-publish","format-standard","has-post-thumbnail","hentry","category-actualidad-informativa","tag-miguel-angel-navarro-portugal","tag-odebrecht"],"_links":{"self":[{"href":"https:\/\/elinformanteperu.com\/index.php\/wp-json\/wp\/v2\/posts\/5207","targetHints":{"allow":["GET"]}}],"collection":[{"href":"https:\/\/elinformanteperu.com\/index.php\/wp-json\/wp\/v2\/posts"}],"about":[{"href":"https:\/\/elinformanteperu.com\/index.php\/wp-json\/wp\/v2\/types\/post"}],"author":[{"embeddable":true,"href":"https:\/\/elinformanteperu.com\/index.php\/wp-json\/wp\/v2\/users\/1"}],"replies":[{"embeddable":true,"href":"https:\/\/elinformanteperu.com\/index.php\/wp-json\/wp\/v2\/comments?post=5207"}],"version-history":[{"count":1,"href":"https:\/\/elinformanteperu.com\/index.php\/wp-json\/wp\/v2\/posts\/5207\/revisions"}],"predecessor-version":[{"id":5208,"href":"https:\/\/elinformanteperu.com\/index.php\/wp-json\/wp\/v2\/posts\/5207\/revisions\/5208"}],"wp:featuredmedia":[{"embeddable":true,"href":"https:\/\/elinformanteperu.com\/index.php\/wp-json\/wp\/v2\/media\/5217"}],"wp:attachment":[{"href":"https:\/\/elinformanteperu.com\/index.php\/wp-json\/wp\/v2\/media?parent=5207"}],"wp:term":[{"taxonomy":"category","embeddable":true,"href":"https:\/\/elinformanteperu.com\/index.php\/wp-json\/wp\/v2\/categories?post=5207"},{"taxonomy":"post_tag","embeddable":true,"href":"https:\/\/elinformanteperu.com\/index.php\/wp-json\/wp\/v2\/tags?post=5207"}],"curies":[{"name":"wp","href":"https:\/\/api.w.org\/{rel}","templated":true}]}}