{"id":5204,"date":"2017-01-27T00:50:48","date_gmt":"2017-01-27T05:50:48","guid":{"rendered":"http:\/\/elinformanteperu.com\/?p=5204"},"modified":"2017-01-27T00:50:48","modified_gmt":"2017-01-27T05:50:48","slug":"una-politica-nacional-mejoraria-comunicacion-estrategica-estatal","status":"publish","type":"post","link":"https:\/\/elinformanteperu.com\/index.php\/2017\/01\/27\/una-politica-nacional-mejoraria-comunicacion-estrategica-estatal\/","title":{"rendered":"Una pol\u00edtica nacional mejorar\u00eda comunicaci\u00f3n estrat\u00e9gica estatal"},"content":{"rendered":"<p><strong>Una pol\u00edtica p\u00fablica nacional de comunicaci\u00f3n del Estado mejorar\u00eda el nivel de la labor de comunicaci\u00f3n estrat\u00e9gica estatal, seg\u00fan un estudio de la comunicaci\u00f3n p\u00fablica en el Per\u00fa.<\/strong><\/p>\n<p><strong>Lima, 26 Enero 2017, (ANDINA).<\/strong>&#8211; Una pol\u00edtica p\u00fablica nacional de comunicaci\u00f3n del Estado mejorar\u00eda el nivel de la labor de comunicaci\u00f3n estrat\u00e9gica estatal, seg\u00fan un estudio de diagn\u00f3stico de la comunicaci\u00f3n p\u00fablica en el Per\u00fa, elaborada por la compa\u00f1\u00eda Datum Internacional.<\/p>\n<p>En la medici\u00f3n, que recoge la opini\u00f3n de directores de comunicaci\u00f3n y responsables de estas \u00e1reas en diversas instituciones p\u00fablicas del pa\u00eds, se se\u00f1ala que un 16 % apostar\u00eda por una pol\u00edtica nacional y, adem\u00e1s, articular\u00eda la comunicaci\u00f3n en todos los niveles del gobierno.<\/p>\n<p>Al ser consultados sobre qu\u00e9 hacer para mejorar el nivel de la labor de comunicaci\u00f3n estrat\u00e9gica en el Estado, un 10.3 % de entrevistados opt\u00f3 por realizar una adecuada selecci\u00f3n de medios y no limitarse a la publicidad masiva.<\/p>\n<p>En tanto, otros se inclinaron por la necesidad de ser m\u00e1s consecuentes y transparentes con lo que se comunica (8.3 %) y por articularse al interior de cada instituci\u00f3n (7.7 %).<\/p>\n<p>Asimismo, entre los pilares o valores de comunicaci\u00f3n del Estado en los cuales los comunicadores sustentan su trabajo figuran transparencia (21.4 %), cumplimiento del plan (14.3 %), veracidad (10.7 %), objetividad (10.7 %) y honestidad (3.6 %).<\/p>\n<p>La encuesta tambi\u00e9n muestra que el 49.1 % de los encuestados califica la labor de comunicaci\u00f3n estrat\u00e9gica del Estado como regular, el 33.7 % como mala, el 9.5 % como p\u00e9sima, el 6.5 % como buena, y solo el 1.2 % como excelente.<\/p>\n<p>Una mayor\u00eda, en tanto, asegura que s\u00ed se puede establecer pol\u00edticas de comunicaci\u00f3n en el Estado de manera unificada (80.5 %).<\/p>\n<p>La gerente general de Datum Internacional, Urpi Torrado, present\u00f3 este sondeo durante el Encuentro Anual de Directores y Equipos de Comunicaci\u00f3n (EDIRCOM) 2017, realizado desde hoy en Lima.<\/p>\n<p><strong>Ficha t\u00e9cnica<\/strong><\/p>\n<p><strong>Objetivo:<\/strong> realizar un diagn\u00f3stico de la comunicaci\u00f3n del Estado Peruano y de las instituciones p\u00fablicas que lo conforman.<\/p>\n<p><strong>Grupo objetivo:<\/strong> Directores de Comunicaci\u00f3n y responsables de la comunicaci\u00f3n de las diversas instituciones p\u00fablicas del pa\u00eds.<\/p>\n<p><strong>Metodolog\u00eda:<\/strong> Encuesta online.<\/p>\n<p><strong>Muestra:<\/strong> 169 casos.<\/p>\n<p>Fecha de campo: del 17 al 23 de enero de 2017.<\/p>\n","protected":false},"excerpt":{"rendered":"<p>Una pol\u00edtica p\u00fablica nacional de comunicaci\u00f3n del Estado mejorar\u00eda el nivel de la labor de comunicaci\u00f3n estrat\u00e9gica estatal, seg\u00fan un estudio de la comunicaci\u00f3n p\u00fablica en el Per\u00fa. Lima, 26 Enero 2017, (ANDINA).&#8211; Una pol\u00edtica p\u00fablica nacional de comunicaci\u00f3n del Estado mejorar\u00eda el nivel de la labor de comunicaci\u00f3n estrat\u00e9gica estatal, seg\u00fan un estudio de [&hellip;]<\/p>\n","protected":false},"author":1,"featured_media":5205,"comment_status":"open","ping_status":"open","sticky":false,"template":"","format":"standard","meta":{"rop_custom_images_group":[],"rop_custom_messages_group":[],"rop_publish_now":"initial","rop_publish_now_accounts":[],"rop_publish_now_history":[],"rop_publish_now_status":"pending","footnotes":""},"categories":[5],"tags":[968,966,969],"class_list":["post-5204","post","type-post","status-publish","format-standard","has-post-thumbnail","hentry","category-actualidad-informativa","tag-datum-internacional","tag-edircom-2017","tag-urpi-torrado"],"_links":{"self":[{"href":"https:\/\/elinformanteperu.com\/index.php\/wp-json\/wp\/v2\/posts\/5204","targetHints":{"allow":["GET"]}}],"collection":[{"href":"https:\/\/elinformanteperu.com\/index.php\/wp-json\/wp\/v2\/posts"}],"about":[{"href":"https:\/\/elinformanteperu.com\/index.php\/wp-json\/wp\/v2\/types\/post"}],"author":[{"embeddable":true,"href":"https:\/\/elinformanteperu.com\/index.php\/wp-json\/wp\/v2\/users\/1"}],"replies":[{"embeddable":true,"href":"https:\/\/elinformanteperu.com\/index.php\/wp-json\/wp\/v2\/comments?post=5204"}],"version-history":[{"count":1,"href":"https:\/\/elinformanteperu.com\/index.php\/wp-json\/wp\/v2\/posts\/5204\/revisions"}],"predecessor-version":[{"id":5206,"href":"https:\/\/elinformanteperu.com\/index.php\/wp-json\/wp\/v2\/posts\/5204\/revisions\/5206"}],"wp:featuredmedia":[{"embeddable":true,"href":"https:\/\/elinformanteperu.com\/index.php\/wp-json\/wp\/v2\/media\/5205"}],"wp:attachment":[{"href":"https:\/\/elinformanteperu.com\/index.php\/wp-json\/wp\/v2\/media?parent=5204"}],"wp:term":[{"taxonomy":"category","embeddable":true,"href":"https:\/\/elinformanteperu.com\/index.php\/wp-json\/wp\/v2\/categories?post=5204"},{"taxonomy":"post_tag","embeddable":true,"href":"https:\/\/elinformanteperu.com\/index.php\/wp-json\/wp\/v2\/tags?post=5204"}],"curies":[{"name":"wp","href":"https:\/\/api.w.org\/{rel}","templated":true}]}}